{"id":5158,"date":"2025-10-12T10:52:19","date_gmt":"2025-10-12T08:52:19","guid":{"rendered":"https:\/\/esperancaenlinia.org\/?p=5158"},"modified":"2026-03-04T16:30:36","modified_gmt":"2026-03-04T15:30:36","slug":"presentacio-de-la-xarxa-de-suport-al-voluntariat-al-hub-social","status":"publish","type":"post","link":"https:\/\/esperancaenlinia.org\/en\/presentacio-de-la-xarxa-de-suport-al-voluntariat-al-hub-social\/","title":{"rendered":"Presentation of the Volunteer Support Network at the Social Hub"},"content":{"rendered":"<p><iframe title=\"YouTube video player\" src=\"https:\/\/www.youtube.com\/embed\/3AoIbK8kq3U?si=zp1DiYsKlR7UuTQv\" width=\"560\" height=\"315\" frameborder=\"0\" allowfullscreen=\"allowfullscreen\"><\/iframe><\/p>\n<p>Last Thursday, October 9th, and within the framework of the activities on the occasion of International Mental Health Day, the <a href=\"https:\/\/campus.esperancaenlinia.org\/\">Campus Esperan\u00e7a Online<\/a>, the online learning platform funded by the <a href=\"https:\/\/www.dsca.gob.es\/es\">Ministry of Social Rights, Consumption and Agenda 2030<\/a> and aimed at all people who dedicate their time to volunteering linked to emotional support, grief support and suicide prevention.<\/p>\n<p>The activity was held at <a href=\"https:\/\/hubsocialbcn.cat\/\">Barcelona Social Hub<\/a> and was attended by Sergi Garcia, technical director of Esperan\u00e7a en L\u00ednia; Cec\u00edlia Borr\u00e0s, president of <a href=\"https:\/\/dsas.org\/ca\/\">After Suicide \u2013 Survivors Association<\/a> and N\u00faria Monsalve; technician of the <a href=\"https:\/\/voluntaris.cat\/\">Catalan Federation of Social Volunteering<\/a>. During the event, Garcia referred to the value of people who, \u201cguided by altruism and generosity, choose to dedicate their time to volunteering\u201d. Peer support, as we know well in our organization, has the capacity to create complicity and trust with the person being assisted that, for example, healthcare or psychological interventions (which are often essential to treat certain ailments or pathologies) do not have. However, this support \u201cmust be adequate and professional\u201d \u2013 which does not mean paid \u2013 but \u201cof quality\u201d.<\/p>\n<p><img fetchpriority=\"high\" decoding=\"async\" class=\"aligncenter wp-image-5052\" src=\"https:\/\/esperancaenlinia.org\/wp-content\/uploads\/2025\/10\/campushome-1024x736.jpg\" alt=\"Imatge del Campus que motra les mans d'una persona i un ordinador port\u00e0til. Es pot llegir el text &quot;Te damos la bienvenida al Campus Esperan\u00e7a en L\u00ednia, un espacio donde tu aprendizaje se transforma en la ayuda que alguien necesita&quot; i un bot\u00f3 per accedir al campus. \" width=\"833\" height=\"599\" srcset=\"https:\/\/esperancaenlinia.org\/wp-content\/uploads\/2025\/10\/campushome-1024x736.jpg 1024w, https:\/\/esperancaenlinia.org\/wp-content\/uploads\/2025\/10\/campushome-600x431.jpg 600w, https:\/\/esperancaenlinia.org\/wp-content\/uploads\/2025\/10\/campushome-300x216.jpg 300w, https:\/\/esperancaenlinia.org\/wp-content\/uploads\/2025\/10\/campushome-768x552.jpg 768w, https:\/\/esperancaenlinia.org\/wp-content\/uploads\/2025\/10\/campushome-18x12.jpg 18w, https:\/\/esperancaenlinia.org\/wp-content\/uploads\/2025\/10\/campushome.jpg 1088w\" sizes=\"(max-width: 833px) 100vw, 833px\" \/><\/p>\n<p>From our entity, continued the technical director and expert in suicide prevention, who has more than half a century of experience, we want to share part of this experience with other volunteer entities that \u2013 like Esperan\u00e7a en L\u00ednia \u2013 work for emotional well-being. And that is why this platform is open \u201cto all volunteers from any Spanish entity\u201d. And the platform is born with a series of contents developed from focus groups with volunteers, \u201cbased on the needs that they themselves have expressed\u201d.<\/p>\n<p><strong>Volunteering deserves the best tools and the best support<\/strong><\/p>\n<p>For her part, Cec\u00edlia Borr\u00e0s \u2013 who has collaborated in the development of two of the training pills of<em>Accompaniment in mourning<\/em> i <em>Psychological first aid<\/em>\u00a0\u2013 highlighted \u201cthe value of volunteering as the heart of all entities that fight for social change\u201d which must be emphasized especially at a time like the current one, where the uncertainty and hopelessness that reign in our environment do not help to have good emotional health. Borr\u00e0s especially highlighted the content dedicated to the care of volunteers \u2013 an element that was repeated during the question and answer session \u2013 where the psychologist warned about the so-called compassion fatigue, a phenomenon that can affect all those people who are routinely exposed \u2013 whether due to their work, life circumstances or volunteering. Finally, Borr\u00e0s concluded that \u201cvolunteers deserve the best tools and the best support\u201d so that they can carry out their work in an optimal and satisfactory way for both them and the person being cared for.<\/p>\n<p><strong>A relationship that must be safe and beneficial for all parties\u00a0<\/strong><\/p>\n<p>It was precisely this link that N\u00faria Monsalve focused on. Representing the <a href=\"https:\/\/voluntaris.cat\/\">Catalan Federation of Social Volunteering<\/a>, Monsalve highlighted how continuing education but also voluntary action deserve recognition and have an impact on the professional and personal development of those who do them. Monsalve also emphasized the role that training plays in marking the limits of what the volunteer does and the functions of mental health professionals and how having these differences clear gives security to both the volunteer and the people served, making the task profitable for all those involved.<\/p>\n<p>The presentation was attended by a group of students from the master&#039;s degree in emotional intelligence and well-being. <a href=\"https:\/\/urosario.edu.co\/\">University of Rosario<\/a> (Colombia) \u2013 invited as part of different activities in Barcelona by volunteer Javier Montferrer, who has also participated in the development of the campus content \u2013 as well as representatives of other local entities and our volunteers.<\/p>\n<p><strong>If you want to know more about the educational content of the Campus or want to continue training in your work as a volunteer, visit the <a href=\"http:\/\/campus.esperancaenlinia.org\">Campus Esperan\u00e7a Online.<\/a><\/strong><\/p>","protected":false},"excerpt":{"rendered":"<p>El passat dijous, 9 d&#8217;octubre i en el marc de les activitats amb motiu del Dia Internacional de la Salut Mental, es va presentar el Campus Esperan\u00e7a en L\u00ednia, la plataforma d&#8217;aprenentge online finan\u00e7ada pel Ministeri de Drets Socials, Consum i Agenda 2030 i adre\u00e7ada a totes les persones que dediquen el seu temps a&hellip;&nbsp;<a href=\"https:\/\/esperancaenlinia.org\/en\/presentacio-de-la-xarxa-de-suport-al-voluntariat-al-hub-social\/\" rel=\"bookmark\"><span class=\"screen-reader-text\">Presentation of the Volunteer Support Network at the Social Hub<\/span><\/a><\/p>","protected":false},"author":3,"featured_media":5159,"comment_status":"closed","ping_status":"closed","sticky":false,"template":"","format":"standard","meta":{"neve_meta_sidebar":"","neve_meta_container":"","neve_meta_enable_content_width":"off","neve_meta_content_width":70,"neve_meta_title_alignment":"","neve_meta_author_avatar":"","neve_post_elements_order":"","neve_meta_disable_header":"","neve_meta_disable_footer":"","neve_meta_disable_title":"","footnotes":""},"categories":[15,12,14],"tags":[41,48,47,44],"class_list":["post-5158","post","type-post","status-publish","format-standard","has-post-thumbnail","hentry","category-benestar-emocional","category-prevencio-del-suicidi","category-salut-mental","tag-campus","tag-formacio","tag-presentacio","tag-voluntariat"],"yoast_head":"<!-- This site is optimized with the Yoast SEO plugin v27.1.1 - https:\/\/yoast.com\/product\/yoast-seo-wordpress\/ -->\n<title>Presentaci\u00f3 de la Xarxa de Suport al Voluntariat al Hub Social - Fundaci\u00f3n Ajuda i Esperan\u00e7a<\/title>\n<meta name=\"robots\" content=\"index, follow, max-snippet:-1, max-image-preview:large, max-video-preview:-1\" \/>\n<link rel=\"canonical\" href=\"https:\/\/esperancaenlinia.org\/en\/presentacio-de-la-xarxa-de-suport-al-voluntariat-al-hub-social\/\" \/>\n<meta property=\"og:locale\" content=\"en_GB\" \/>\n<meta property=\"og:type\" content=\"article\" \/>\n<meta property=\"og:title\" content=\"Presentaci\u00f3 de la Xarxa de Suport al Voluntariat al Hub Social - Fundaci\u00f3n Ajuda i Esperan\u00e7a\" \/>\n<meta property=\"og:description\" content=\"El passat dijous, 9 d&#8217;octubre i en el marc de les activitats amb motiu del Dia Internacional de la Salut Mental, es va presentar el Campus Esperan\u00e7a en L\u00ednia, la plataforma d&#8217;aprenentge online finan\u00e7ada pel Ministeri de Drets Socials, Consum i Agenda 2030 i adre\u00e7ada a totes les persones que dediquen el seu temps a&hellip;&nbsp;Presentaci\u00f3 de la Xarxa de Suport al Voluntariat al Hub Social\" \/>\n<meta property=\"og:url\" content=\"https:\/\/esperancaenlinia.org\/en\/presentacio-de-la-xarxa-de-suport-al-voluntariat-al-hub-social\/\" \/>\n<meta property=\"og:site_name\" content=\"Fundaci\u00f3n Ajuda i Esperan\u00e7a\" \/>\n<meta property=\"article:published_time\" content=\"2025-10-12T08:52:19+00:00\" \/>\n<meta property=\"article:modified_time\" content=\"2026-03-04T15:30:36+00:00\" \/>\n<meta property=\"og:image\" content=\"https:\/\/esperancaenlinia.org\/wp-content\/uploads\/2025\/10\/thmbnail-campus.png\" \/>\n\t<meta property=\"og:image:width\" content=\"1200\" \/>\n\t<meta property=\"og:image:height\" content=\"659\" \/>\n\t<meta property=\"og:image:type\" content=\"image\/png\" \/>\n<meta name=\"author\" content=\"3sp3rRnOv\" \/>\n<meta name=\"twitter:card\" content=\"summary_large_image\" \/>\n<meta name=\"twitter:label1\" content=\"Written by\" \/>\n\t<meta name=\"twitter:data1\" content=\"3sp3rRnOv\" \/>\n\t<meta name=\"twitter:label2\" content=\"Estimated reading time\" \/>\n\t<meta name=\"twitter:data2\" content=\"4 minutes\" \/>\n<script type=\"application\/ld+json\" class=\"yoast-schema-graph\">{\"@context\":\"https:\/\/schema.org\",\"@graph\":[{\"@type\":\"Article\",\"@id\":\"https:\/\/esperancaenlinia.org\/presentacio-de-la-xarxa-de-suport-al-voluntariat-al-hub-social\/#article\",\"isPartOf\":{\"@id\":\"https:\/\/esperancaenlinia.org\/presentacio-de-la-xarxa-de-suport-al-voluntariat-al-hub-social\/\"},\"author\":{\"name\":\"3sp3rRnOv\",\"@id\":\"https:\/\/esperancaenlinia.org\/#\/schema\/person\/88b6c0ee2e71336b3732e1f321a0ea12\"},\"headline\":\"Presentaci\u00f3 de la Xarxa de Suport al Voluntariat al Hub Social\",\"datePublished\":\"2025-10-12T08:52:19+00:00\",\"dateModified\":\"2026-03-04T15:30:36+00:00\",\"mainEntityOfPage\":{\"@id\":\"https:\/\/esperancaenlinia.org\/presentacio-de-la-xarxa-de-suport-al-voluntariat-al-hub-social\/\"},\"wordCount\":780,\"publisher\":{\"@id\":\"https:\/\/esperancaenlinia.org\/#organization\"},\"image\":{\"@id\":\"https:\/\/esperancaenlinia.org\/presentacio-de-la-xarxa-de-suport-al-voluntariat-al-hub-social\/#primaryimage\"},\"thumbnailUrl\":\"https:\/\/esperancaenlinia.org\/wp-content\/uploads\/2025\/10\/thmbnail-campus.png\",\"keywords\":[\"campus\",\"formaci\u00f3\",\"presentaci\u00f3\",\"voluntariat\"],\"articleSection\":[\"Benestar emocional\",\"Prevenci\u00f3 del su\u00efcidi\",\"Salut mental\"],\"inLanguage\":\"en-GB\"},{\"@type\":\"WebPage\",\"@id\":\"https:\/\/esperancaenlinia.org\/presentacio-de-la-xarxa-de-suport-al-voluntariat-al-hub-social\/\",\"url\":\"https:\/\/esperancaenlinia.org\/presentacio-de-la-xarxa-de-suport-al-voluntariat-al-hub-social\/\",\"name\":\"Presentaci\u00f3 de la Xarxa de Suport al Voluntariat al Hub Social - Fundaci\u00f3n Ajuda i Esperan\u00e7a\",\"isPartOf\":{\"@id\":\"https:\/\/esperancaenlinia.org\/#website\"},\"primaryImageOfPage\":{\"@id\":\"https:\/\/esperancaenlinia.org\/presentacio-de-la-xarxa-de-suport-al-voluntariat-al-hub-social\/#primaryimage\"},\"image\":{\"@id\":\"https:\/\/esperancaenlinia.org\/presentacio-de-la-xarxa-de-suport-al-voluntariat-al-hub-social\/#primaryimage\"},\"thumbnailUrl\":\"https:\/\/esperancaenlinia.org\/wp-content\/uploads\/2025\/10\/thmbnail-campus.png\",\"datePublished\":\"2025-10-12T08:52:19+00:00\",\"dateModified\":\"2026-03-04T15:30:36+00:00\",\"breadcrumb\":{\"@id\":\"https:\/\/esperancaenlinia.org\/presentacio-de-la-xarxa-de-suport-al-voluntariat-al-hub-social\/#breadcrumb\"},\"inLanguage\":\"en-GB\",\"potentialAction\":[{\"@type\":\"ReadAction\",\"target\":[\"https:\/\/esperancaenlinia.org\/presentacio-de-la-xarxa-de-suport-al-voluntariat-al-hub-social\/\"]}]},{\"@type\":\"ImageObject\",\"inLanguage\":\"en-GB\",\"@id\":\"https:\/\/esperancaenlinia.org\/presentacio-de-la-xarxa-de-suport-al-voluntariat-al-hub-social\/#primaryimage\",\"url\":\"https:\/\/esperancaenlinia.org\/wp-content\/uploads\/2025\/10\/thmbnail-campus.png\",\"contentUrl\":\"https:\/\/esperancaenlinia.org\/wp-content\/uploads\/2025\/10\/thmbnail-campus.png\",\"width\":1200,\"height\":659},{\"@type\":\"BreadcrumbList\",\"@id\":\"https:\/\/esperancaenlinia.org\/presentacio-de-la-xarxa-de-suport-al-voluntariat-al-hub-social\/#breadcrumb\",\"itemListElement\":[{\"@type\":\"ListItem\",\"position\":1,\"name\":\"Portada\",\"item\":\"https:\/\/esperancaenlinia.org\/\"},{\"@type\":\"ListItem\",\"position\":2,\"name\":\"Presentaci\u00f3 de la Xarxa de Suport al Voluntariat al Hub Social\"}]},{\"@type\":\"WebSite\",\"@id\":\"https:\/\/esperancaenlinia.org\/#website\",\"url\":\"https:\/\/esperancaenlinia.org\/\",\"name\":\"Fundaci\u00f3n Ajuda i Esperan\u00e7a\",\"description\":\"\",\"publisher\":{\"@id\":\"https:\/\/esperancaenlinia.org\/#organization\"},\"potentialAction\":[{\"@type\":\"SearchAction\",\"target\":{\"@type\":\"EntryPoint\",\"urlTemplate\":\"https:\/\/esperancaenlinia.org\/?s={search_term_string}\"},\"query-input\":{\"@type\":\"PropertyValueSpecification\",\"valueRequired\":true,\"valueName\":\"search_term_string\"}}],\"inLanguage\":\"en-GB\"},{\"@type\":\"Organization\",\"@id\":\"https:\/\/esperancaenlinia.org\/#organization\",\"name\":\"Fundaci\u00f3n Ajuda i Esperan\u00e7a\",\"url\":\"https:\/\/esperancaenlinia.org\/\",\"logo\":{\"@type\":\"ImageObject\",\"inLanguage\":\"en-GB\",\"@id\":\"https:\/\/esperancaenlinia.org\/#\/schema\/logo\/image\/\",\"url\":\"https:\/\/esperancaenlinia.org\/wp-content\/uploads\/2024\/04\/logo-1.png\",\"contentUrl\":\"https:\/\/esperancaenlinia.org\/wp-content\/uploads\/2024\/04\/logo-1.png\",\"width\":662,\"height\":200,\"caption\":\"Fundaci\u00f3n Ajuda i Esperan\u00e7a\"},\"image\":{\"@id\":\"https:\/\/esperancaenlinia.org\/#\/schema\/logo\/image\/\"}},{\"@type\":\"Person\",\"@id\":\"https:\/\/esperancaenlinia.org\/#\/schema\/person\/88b6c0ee2e71336b3732e1f321a0ea12\",\"name\":\"3sp3rRnOv\",\"image\":{\"@type\":\"ImageObject\",\"inLanguage\":\"en-GB\",\"@id\":\"https:\/\/esperancaenlinia.org\/#\/schema\/person\/image\/\",\"url\":\"https:\/\/secure.gravatar.com\/avatar\/6e5f3e2b5862c8cfcc8ff366c3cc5c8842438ae09421b1d489929bcc32718bdf?s=96&d=mm&r=g\",\"contentUrl\":\"https:\/\/secure.gravatar.com\/avatar\/6e5f3e2b5862c8cfcc8ff366c3cc5c8842438ae09421b1d489929bcc32718bdf?s=96&d=mm&r=g\",\"caption\":\"3sp3rRnOv\"},\"url\":\"https:\/\/esperancaenlinia.org\/en\/author\/3sp3rrnov\/\"}]}<\/script>\n<!-- \/ Yoast SEO plugin. -->","yoast_head_json":{"title":"Presentaci\u00f3 de la Xarxa de Suport al Voluntariat al Hub Social - Fundaci\u00f3n Ajuda i Esperan\u00e7a","robots":{"index":"index","follow":"follow","max-snippet":"max-snippet:-1","max-image-preview":"max-image-preview:large","max-video-preview":"max-video-preview:-1"},"canonical":"https:\/\/esperancaenlinia.org\/en\/presentacio-de-la-xarxa-de-suport-al-voluntariat-al-hub-social\/","og_locale":"en_GB","og_type":"article","og_title":"Presentaci\u00f3 de la Xarxa de Suport al Voluntariat al Hub Social - Fundaci\u00f3n Ajuda i Esperan\u00e7a","og_description":"El passat dijous, 9 d&#8217;octubre i en el marc de les activitats amb motiu del Dia Internacional de la Salut Mental, es va presentar el Campus Esperan\u00e7a en L\u00ednia, la plataforma d&#8217;aprenentge online finan\u00e7ada pel Ministeri de Drets Socials, Consum i Agenda 2030 i adre\u00e7ada a totes les persones que dediquen el seu temps a&hellip;&nbsp;Presentaci\u00f3 de la Xarxa de Suport al Voluntariat al Hub Social","og_url":"https:\/\/esperancaenlinia.org\/en\/presentacio-de-la-xarxa-de-suport-al-voluntariat-al-hub-social\/","og_site_name":"Fundaci\u00f3n Ajuda i Esperan\u00e7a","article_published_time":"2025-10-12T08:52:19+00:00","article_modified_time":"2026-03-04T15:30:36+00:00","og_image":[{"width":1200,"height":659,"url":"https:\/\/esperancaenlinia.org\/wp-content\/uploads\/2025\/10\/thmbnail-campus.png","type":"image\/png"}],"author":"3sp3rRnOv","twitter_card":"summary_large_image","twitter_misc":{"Written by":"3sp3rRnOv","Estimated reading time":"4 minutes"},"schema":{"@context":"https:\/\/schema.org","@graph":[{"@type":"Article","@id":"https:\/\/esperancaenlinia.org\/presentacio-de-la-xarxa-de-suport-al-voluntariat-al-hub-social\/#article","isPartOf":{"@id":"https:\/\/esperancaenlinia.org\/presentacio-de-la-xarxa-de-suport-al-voluntariat-al-hub-social\/"},"author":{"name":"3sp3rRnOv","@id":"https:\/\/esperancaenlinia.org\/#\/schema\/person\/88b6c0ee2e71336b3732e1f321a0ea12"},"headline":"Presentaci\u00f3 de la Xarxa de Suport al Voluntariat al Hub Social","datePublished":"2025-10-12T08:52:19+00:00","dateModified":"2026-03-04T15:30:36+00:00","mainEntityOfPage":{"@id":"https:\/\/esperancaenlinia.org\/presentacio-de-la-xarxa-de-suport-al-voluntariat-al-hub-social\/"},"wordCount":780,"publisher":{"@id":"https:\/\/esperancaenlinia.org\/#organization"},"image":{"@id":"https:\/\/esperancaenlinia.org\/presentacio-de-la-xarxa-de-suport-al-voluntariat-al-hub-social\/#primaryimage"},"thumbnailUrl":"https:\/\/esperancaenlinia.org\/wp-content\/uploads\/2025\/10\/thmbnail-campus.png","keywords":["campus","formaci\u00f3","presentaci\u00f3","voluntariat"],"articleSection":["Benestar emocional","Prevenci\u00f3 del su\u00efcidi","Salut mental"],"inLanguage":"en-GB"},{"@type":"WebPage","@id":"https:\/\/esperancaenlinia.org\/presentacio-de-la-xarxa-de-suport-al-voluntariat-al-hub-social\/","url":"https:\/\/esperancaenlinia.org\/presentacio-de-la-xarxa-de-suport-al-voluntariat-al-hub-social\/","name":"Presentaci\u00f3 de la Xarxa de Suport al Voluntariat al Hub Social - Fundaci\u00f3n Ajuda i Esperan\u00e7a","isPartOf":{"@id":"https:\/\/esperancaenlinia.org\/#website"},"primaryImageOfPage":{"@id":"https:\/\/esperancaenlinia.org\/presentacio-de-la-xarxa-de-suport-al-voluntariat-al-hub-social\/#primaryimage"},"image":{"@id":"https:\/\/esperancaenlinia.org\/presentacio-de-la-xarxa-de-suport-al-voluntariat-al-hub-social\/#primaryimage"},"thumbnailUrl":"https:\/\/esperancaenlinia.org\/wp-content\/uploads\/2025\/10\/thmbnail-campus.png","datePublished":"2025-10-12T08:52:19+00:00","dateModified":"2026-03-04T15:30:36+00:00","breadcrumb":{"@id":"https:\/\/esperancaenlinia.org\/presentacio-de-la-xarxa-de-suport-al-voluntariat-al-hub-social\/#breadcrumb"},"inLanguage":"en-GB","potentialAction":[{"@type":"ReadAction","target":["https:\/\/esperancaenlinia.org\/presentacio-de-la-xarxa-de-suport-al-voluntariat-al-hub-social\/"]}]},{"@type":"ImageObject","inLanguage":"en-GB","@id":"https:\/\/esperancaenlinia.org\/presentacio-de-la-xarxa-de-suport-al-voluntariat-al-hub-social\/#primaryimage","url":"https:\/\/esperancaenlinia.org\/wp-content\/uploads\/2025\/10\/thmbnail-campus.png","contentUrl":"https:\/\/esperancaenlinia.org\/wp-content\/uploads\/2025\/10\/thmbnail-campus.png","width":1200,"height":659},{"@type":"BreadcrumbList","@id":"https:\/\/esperancaenlinia.org\/presentacio-de-la-xarxa-de-suport-al-voluntariat-al-hub-social\/#breadcrumb","itemListElement":[{"@type":"ListItem","position":1,"name":"Portada","item":"https:\/\/esperancaenlinia.org\/"},{"@type":"ListItem","position":2,"name":"Presentaci\u00f3 de la Xarxa de Suport al Voluntariat al Hub Social"}]},{"@type":"WebSite","@id":"https:\/\/esperancaenlinia.org\/#website","url":"https:\/\/esperancaenlinia.org\/","name":"Fundaci\u00f3n Ajuda i Esperan\u00e7a","description":"","publisher":{"@id":"https:\/\/esperancaenlinia.org\/#organization"},"potentialAction":[{"@type":"SearchAction","target":{"@type":"EntryPoint","urlTemplate":"https:\/\/esperancaenlinia.org\/?s={search_term_string}"},"query-input":{"@type":"PropertyValueSpecification","valueRequired":true,"valueName":"search_term_string"}}],"inLanguage":"en-GB"},{"@type":"Organization","@id":"https:\/\/esperancaenlinia.org\/#organization","name":"Fundaci\u00f3n Ajuda i Esperan\u00e7a","url":"https:\/\/esperancaenlinia.org\/","logo":{"@type":"ImageObject","inLanguage":"en-GB","@id":"https:\/\/esperancaenlinia.org\/#\/schema\/logo\/image\/","url":"https:\/\/esperancaenlinia.org\/wp-content\/uploads\/2024\/04\/logo-1.png","contentUrl":"https:\/\/esperancaenlinia.org\/wp-content\/uploads\/2024\/04\/logo-1.png","width":662,"height":200,"caption":"Fundaci\u00f3n Ajuda i Esperan\u00e7a"},"image":{"@id":"https:\/\/esperancaenlinia.org\/#\/schema\/logo\/image\/"}},{"@type":"Person","@id":"https:\/\/esperancaenlinia.org\/#\/schema\/person\/88b6c0ee2e71336b3732e1f321a0ea12","name":"3sp3rRnOv","image":{"@type":"ImageObject","inLanguage":"en-GB","@id":"https:\/\/esperancaenlinia.org\/#\/schema\/person\/image\/","url":"https:\/\/secure.gravatar.com\/avatar\/6e5f3e2b5862c8cfcc8ff366c3cc5c8842438ae09421b1d489929bcc32718bdf?s=96&d=mm&r=g","contentUrl":"https:\/\/secure.gravatar.com\/avatar\/6e5f3e2b5862c8cfcc8ff366c3cc5c8842438ae09421b1d489929bcc32718bdf?s=96&d=mm&r=g","caption":"3sp3rRnOv"},"url":"https:\/\/esperancaenlinia.org\/en\/author\/3sp3rrnov\/"}]}},"_links":{"self":[{"href":"https:\/\/esperancaenlinia.org\/en\/wp-json\/wp\/v2\/posts\/5158","targetHints":{"allow":["GET"]}}],"collection":[{"href":"https:\/\/esperancaenlinia.org\/en\/wp-json\/wp\/v2\/posts"}],"about":[{"href":"https:\/\/esperancaenlinia.org\/en\/wp-json\/wp\/v2\/types\/post"}],"author":[{"embeddable":true,"href":"https:\/\/esperancaenlinia.org\/en\/wp-json\/wp\/v2\/users\/3"}],"replies":[{"embeddable":true,"href":"https:\/\/esperancaenlinia.org\/en\/wp-json\/wp\/v2\/comments?post=5158"}],"version-history":[{"count":3,"href":"https:\/\/esperancaenlinia.org\/en\/wp-json\/wp\/v2\/posts\/5158\/revisions"}],"predecessor-version":[{"id":5162,"href":"https:\/\/esperancaenlinia.org\/en\/wp-json\/wp\/v2\/posts\/5158\/revisions\/5162"}],"wp:featuredmedia":[{"embeddable":true,"href":"https:\/\/esperancaenlinia.org\/en\/wp-json\/wp\/v2\/media\/5159"}],"wp:attachment":[{"href":"https:\/\/esperancaenlinia.org\/en\/wp-json\/wp\/v2\/media?parent=5158"}],"wp:term":[{"taxonomy":"category","embeddable":true,"href":"https:\/\/esperancaenlinia.org\/en\/wp-json\/wp\/v2\/categories?post=5158"},{"taxonomy":"post_tag","embeddable":true,"href":"https:\/\/esperancaenlinia.org\/en\/wp-json\/wp\/v2\/tags?post=5158"}],"curies":[{"name":"wp","href":"https:\/\/api.w.org\/{rel}","templated":true}]}}