{"id":4,"name":"Comunicaci\u00f3 Esperan\u00e7a en l\u00ednia","url":"","description":"","link":"https:\/\/esperancaenlinia.org\/en\/author\/comunicacio2\/","slug":"comunicacio2","avatar_urls":{"24":"https:\/\/secure.gravatar.com\/avatar\/9104386bd8d8c7db4beba8fe58e00fdd4a24ec2ccc93d33abb953f5ca43d7fef?s=24&d=mm&r=g","48":"https:\/\/secure.gravatar.com\/avatar\/9104386bd8d8c7db4beba8fe58e00fdd4a24ec2ccc93d33abb953f5ca43d7fef?s=48&d=mm&r=g","96":"https:\/\/secure.gravatar.com\/avatar\/9104386bd8d8c7db4beba8fe58e00fdd4a24ec2ccc93d33abb953f5ca43d7fef?s=96&d=mm&r=g"},"meta":[],"yoast_head":"<!-- This site is optimized with the Yoast SEO plugin v27.1.1 - https:\/\/yoast.com\/product\/yoast-seo-wordpress\/ -->\n<title>Comunicaci\u00f3 Esperan\u00e7a en l\u00ednia, autor en Fundaci\u00f3n Ajuda i Esperan\u00e7a<\/title>\n<meta name=\"robots\" content=\"index, follow, max-snippet:-1, max-image-preview:large, max-video-preview:-1\" \/>\n<link rel=\"canonical\" href=\"https:\/\/esperancaenlinia.org\/en\/author\/comunicacio2\/\" \/>\n<meta property=\"og:locale\" content=\"en_GB\" \/>\n<meta property=\"og:type\" content=\"profile\" \/>\n<meta property=\"og:title\" content=\"Comunicaci\u00f3 Esperan\u00e7a en l\u00ednia, autor en Fundaci\u00f3n Ajuda i Esperan\u00e7a\" \/>\n<meta property=\"og:url\" content=\"https:\/\/esperancaenlinia.org\/en\/author\/comunicacio2\/\" \/>\n<meta property=\"og:site_name\" content=\"Fundaci\u00f3n Ajuda i Esperan\u00e7a\" \/>\n<meta property=\"og:image\" content=\"https:\/\/secure.gravatar.com\/avatar\/9104386bd8d8c7db4beba8fe58e00fdd4a24ec2ccc93d33abb953f5ca43d7fef?s=500&d=mm&r=g\" \/>\n<meta name=\"twitter:card\" content=\"summary_large_image\" \/>\n<script type=\"application\/ld+json\" class=\"yoast-schema-graph\">{\"@context\":\"https:\/\/schema.org\",\"@graph\":[{\"@type\":\"ProfilePage\",\"@id\":\"https:\/\/esperancaenlinia.org\/author\/comunicacio2\/\",\"url\":\"https:\/\/esperancaenlinia.org\/author\/comunicacio2\/\",\"name\":\"Comunicaci\u00f3 Esperan\u00e7a en l\u00ednia, autor en Fundaci\u00f3n Ajuda i Esperan\u00e7a\",\"isPartOf\":{\"@id\":\"https:\/\/esperancaenlinia.org\/#website\"},\"breadcrumb\":{\"@id\":\"https:\/\/esperancaenlinia.org\/author\/comunicacio2\/#breadcrumb\"},\"inLanguage\":\"en-GB\",\"potentialAction\":[{\"@type\":\"ReadAction\",\"target\":[\"https:\/\/esperancaenlinia.org\/author\/comunicacio2\/\"]}]},{\"@type\":\"BreadcrumbList\",\"@id\":\"https:\/\/esperancaenlinia.org\/author\/comunicacio2\/#breadcrumb\",\"itemListElement\":[{\"@type\":\"ListItem\",\"position\":1,\"name\":\"Portada\",\"item\":\"https:\/\/esperancaenlinia.org\/\"},{\"@type\":\"ListItem\",\"position\":2,\"name\":\"Archivo de Comunicaci\u00f3 Esperan\u00e7a en l\u00ednia\"}]},{\"@type\":\"WebSite\",\"@id\":\"https:\/\/esperancaenlinia.org\/#website\",\"url\":\"https:\/\/esperancaenlinia.org\/\",\"name\":\"Fundaci\u00f3n Ajuda i Esperan\u00e7a\",\"description\":\"\",\"publisher\":{\"@id\":\"https:\/\/esperancaenlinia.org\/#organization\"},\"potentialAction\":[{\"@type\":\"SearchAction\",\"target\":{\"@type\":\"EntryPoint\",\"urlTemplate\":\"https:\/\/esperancaenlinia.org\/?s={search_term_string}\"},\"query-input\":{\"@type\":\"PropertyValueSpecification\",\"valueRequired\":true,\"valueName\":\"search_term_string\"}}],\"inLanguage\":\"en-GB\"},{\"@type\":\"Organization\",\"@id\":\"https:\/\/esperancaenlinia.org\/#organization\",\"name\":\"Fundaci\u00f3n Ajuda i Esperan\u00e7a\",\"url\":\"https:\/\/esperancaenlinia.org\/\",\"logo\":{\"@type\":\"ImageObject\",\"inLanguage\":\"en-GB\",\"@id\":\"https:\/\/esperancaenlinia.org\/#\/schema\/logo\/image\/\",\"url\":\"https:\/\/esperancaenlinia.org\/wp-content\/uploads\/2024\/04\/logo-1.png\",\"contentUrl\":\"https:\/\/esperancaenlinia.org\/wp-content\/uploads\/2024\/04\/logo-1.png\",\"width\":662,\"height\":200,\"caption\":\"Fundaci\u00f3n Ajuda i Esperan\u00e7a\"},\"image\":{\"@id\":\"https:\/\/esperancaenlinia.org\/#\/schema\/logo\/image\/\"}},{\"@type\":\"Person\",\"@id\":\"https:\/\/esperancaenlinia.org\/#\/schema\/person\/503464d36bdee2f8ed39711f2877cb48\",\"name\":\"Comunicaci\u00f3 Esperan\u00e7a en l\u00ednia\",\"image\":{\"@type\":\"ImageObject\",\"inLanguage\":\"en-GB\",\"@id\":\"https:\/\/esperancaenlinia.org\/#\/schema\/person\/image\/\",\"url\":\"https:\/\/secure.gravatar.com\/avatar\/9104386bd8d8c7db4beba8fe58e00fdd4a24ec2ccc93d33abb953f5ca43d7fef?s=96&d=mm&r=g\",\"contentUrl\":\"https:\/\/secure.gravatar.com\/avatar\/9104386bd8d8c7db4beba8fe58e00fdd4a24ec2ccc93d33abb953f5ca43d7fef?s=96&d=mm&r=g\",\"caption\":\"Comunicaci\u00f3 Esperan\u00e7a en l\u00ednia\"},\"mainEntityOfPage\":{\"@id\":\"https:\/\/esperancaenlinia.org\/author\/comunicacio2\/\"}}]}<\/script>\n<!-- \/ Yoast SEO plugin. -->","yoast_head_json":{"title":"Comunicaci\u00f3 Esperan\u00e7a en l\u00ednia, autor en Fundaci\u00f3n Ajuda i Esperan\u00e7a","robots":{"index":"index","follow":"follow","max-snippet":"max-snippet:-1","max-image-preview":"max-image-preview:large","max-video-preview":"max-video-preview:-1"},"canonical":"https:\/\/esperancaenlinia.org\/en\/author\/comunicacio2\/","og_locale":"en_GB","og_type":"profile","og_title":"Comunicaci\u00f3 Esperan\u00e7a en l\u00ednia, autor en Fundaci\u00f3n Ajuda i Esperan\u00e7a","og_url":"https:\/\/esperancaenlinia.org\/en\/author\/comunicacio2\/","og_site_name":"Fundaci\u00f3n Ajuda i Esperan\u00e7a","og_image":[{"url":"https:\/\/secure.gravatar.com\/avatar\/9104386bd8d8c7db4beba8fe58e00fdd4a24ec2ccc93d33abb953f5ca43d7fef?s=500&d=mm&r=g","type":"","width":"","height":""}],"twitter_card":"summary_large_image","schema":{"@context":"https:\/\/schema.org","@graph":[{"@type":"ProfilePage","@id":"https:\/\/esperancaenlinia.org\/author\/comunicacio2\/","url":"https:\/\/esperancaenlinia.org\/author\/comunicacio2\/","name":"Comunicaci\u00f3 Esperan\u00e7a en l\u00ednia, autor en Fundaci\u00f3n Ajuda i Esperan\u00e7a","isPartOf":{"@id":"https:\/\/esperancaenlinia.org\/#website"},"breadcrumb":{"@id":"https:\/\/esperancaenlinia.org\/author\/comunicacio2\/#breadcrumb"},"inLanguage":"en-GB","potentialAction":[{"@type":"ReadAction","target":["https:\/\/esperancaenlinia.org\/author\/comunicacio2\/"]}]},{"@type":"BreadcrumbList","@id":"https:\/\/esperancaenlinia.org\/author\/comunicacio2\/#breadcrumb","itemListElement":[{"@type":"ListItem","position":1,"name":"Portada","item":"https:\/\/esperancaenlinia.org\/"},{"@type":"ListItem","position":2,"name":"Archivo de Comunicaci\u00f3 Esperan\u00e7a en l\u00ednia"}]},{"@type":"WebSite","@id":"https:\/\/esperancaenlinia.org\/#website","url":"https:\/\/esperancaenlinia.org\/","name":"Fundaci\u00f3n Ajuda i Esperan\u00e7a","description":"","publisher":{"@id":"https:\/\/esperancaenlinia.org\/#organization"},"potentialAction":[{"@type":"SearchAction","target":{"@type":"EntryPoint","urlTemplate":"https:\/\/esperancaenlinia.org\/?s={search_term_string}"},"query-input":{"@type":"PropertyValueSpecification","valueRequired":true,"valueName":"search_term_string"}}],"inLanguage":"en-GB"},{"@type":"Organization","@id":"https:\/\/esperancaenlinia.org\/#organization","name":"Fundaci\u00f3n Ajuda i Esperan\u00e7a","url":"https:\/\/esperancaenlinia.org\/","logo":{"@type":"ImageObject","inLanguage":"en-GB","@id":"https:\/\/esperancaenlinia.org\/#\/schema\/logo\/image\/","url":"https:\/\/esperancaenlinia.org\/wp-content\/uploads\/2024\/04\/logo-1.png","contentUrl":"https:\/\/esperancaenlinia.org\/wp-content\/uploads\/2024\/04\/logo-1.png","width":662,"height":200,"caption":"Fundaci\u00f3n Ajuda i Esperan\u00e7a"},"image":{"@id":"https:\/\/esperancaenlinia.org\/#\/schema\/logo\/image\/"}},{"@type":"Person","@id":"https:\/\/esperancaenlinia.org\/#\/schema\/person\/503464d36bdee2f8ed39711f2877cb48","name":"Comunicaci\u00f3 Esperan\u00e7a en l\u00ednia","image":{"@type":"ImageObject","inLanguage":"en-GB","@id":"https:\/\/esperancaenlinia.org\/#\/schema\/person\/image\/","url":"https:\/\/secure.gravatar.com\/avatar\/9104386bd8d8c7db4beba8fe58e00fdd4a24ec2ccc93d33abb953f5ca43d7fef?s=96&d=mm&r=g","contentUrl":"https:\/\/secure.gravatar.com\/avatar\/9104386bd8d8c7db4beba8fe58e00fdd4a24ec2ccc93d33abb953f5ca43d7fef?s=96&d=mm&r=g","caption":"Comunicaci\u00f3 Esperan\u00e7a en l\u00ednia"},"mainEntityOfPage":{"@id":"https:\/\/esperancaenlinia.org\/author\/comunicacio2\/"}}]}},"is_super_admin":false,"woocommerce_meta":{"variable_product_tour_shown":"","activity_panel_inbox_last_read":"","activity_panel_reviews_last_read":"","categories_report_columns":"","coupons_report_columns":"","customers_report_columns":"","orders_report_columns":"","products_report_columns":"","revenue_report_columns":"","taxes_report_columns":"","variations_report_columns":"","dashboard_sections":"","dashboard_chart_type":"","dashboard_chart_interval":"","dashboard_leaderboard_rows":"","order_attribution_install_banner_dismissed":"","scheduled_updates_promotion_notice_dismissed":"","homepage_layout":"","homepage_stats":"","task_list_tracked_started_tasks":"","android_app_banner_dismissed":"","launch_your_store_tour_hidden":"","coming_soon_banner_dismissed":""},"elementor_introduction":{"ai-get-started-announcement":true,"yoast-introduction-editor-v2":true,"globals_introduction":true},"_links":{"self":[{"href":"https:\/\/esperancaenlinia.org\/en\/wp-json\/wp\/v2\/users\/4","targetHints":{"allow":["GET"]}}],"collection":[{"href":"https:\/\/esperancaenlinia.org\/en\/wp-json\/wp\/v2\/users"}]}}