{"id":1544,"date":"2023-11-27T11:43:59","date_gmt":"2023-11-27T10:43:59","guid":{"rendered":"https:\/\/esperancaenlinia.org\/?p=1544"},"modified":"2026-03-04T16:31:10","modified_gmt":"2026-03-04T15:31:10","slug":"la-importancia-duna-veu-amiga-en-la-prevencio-del-suicidi","status":"publish","type":"post","link":"https:\/\/esperancaenlinia.org\/es\/la-importancia-duna-veu-amiga-en-la-prevencio-del-suicidi\/","title":{"rendered":"La importancia de una voz amiga en la prevenci\u00f3n del suicidio"},"content":{"rendered":"<h2>La salud mental como prioridad<\/h2>\n<p>Cuando una persona se siente en crisis, angustiada, sola o en el l\u00edmite, tener una voz amiga a su lado puede marcar una gran diferencia. El apoyo emocional, la escucha sin juicios y la confidencialidad que ofrecen servicios como el Tel\u00e9fono de la Esperanza son esenciales para la <a href=\"https:\/\/esperancaenlinia.org\/es\/prevencio-del-suicidi\/\"><strong>prevenci\u00f3n del suicidio<\/strong><\/a>, ya que acompa\u00f1an a estas personas en sus momentos m\u00e1s vulnerables.<\/p>\n<p>El suicidio es a menudo el resultado de un conjunto de factores complejos que incluyen enfermedades mentales, situaciones de vida estresantes, aislamiento social, trauma y otras dificultades. A trav\u00e9s de medidas preventivas, como la educaci\u00f3n, el apoyo emocional y el acceso a recursos de atenci\u00f3n de salud mental, pueden salvarse vidas y proporcionar alternativas a las personas en situaci\u00f3n de riesgo.<\/p>\n<p><img fetchpriority=\"high\" decoding=\"async\" class=\"aligncenter wp-image-1545 size-full\" src=\"https:\/\/esperancaenlinia.org\/wp-content\/uploads\/2024\/11\/prevencio-del-suicidi.jpg\" alt=\"\" width=\"900\" height=\"600\" srcset=\"https:\/\/esperancaenlinia.org\/wp-content\/uploads\/2024\/11\/prevencio-del-suicidi.jpg 900w, https:\/\/esperancaenlinia.org\/wp-content\/uploads\/2024\/11\/prevencio-del-suicidi-600x400.jpg 600w, https:\/\/esperancaenlinia.org\/wp-content\/uploads\/2024\/11\/prevencio-del-suicidi-300x200.jpg 300w, https:\/\/esperancaenlinia.org\/wp-content\/uploads\/2024\/11\/prevencio-del-suicidi-768x512.jpg 768w, https:\/\/esperancaenlinia.org\/wp-content\/uploads\/2024\/11\/prevencio-del-suicidi-18x12.jpg 18w\" sizes=\"(max-width: 900px) 100vw, 900px\" \/><\/p>\n<h2>\u00bfC\u00f3mo evitar los pensamientos suicidas?<\/h2>\n<p>El cuidado de la salud mental es esencial para la <a href=\"https:\/\/esperancaenlinia.org\/es\/acompanyament-emocional\/\"><strong>prevenci\u00f3n del suicidio<\/strong><\/a>, ya que permite afrontar los momentos dif\u00edciles con resiliencia y buscar soporte cuando es necesario. Muchas personas que sufren malestar emocional o pensamientos suicidas se encuentran a menudo atrapadas en sentimientos de aislamiento, desesperanza e impotencia. Estos estados mentales pueden intensificarse si no se dispone de un entorno de soporte y de herramientas para gestionar el estr\u00e9s y las emociones. La promoci\u00f3n de la salud mental incluye aspectos como la conciencia emocional, la capacidad para afrontar problemas, el acceso a recursos de apoyo y una red de personas cercanas que ofrezcan ayuda. Con el apoyo de profesionales y la comprensi\u00f3n de la sociedad, es posible identificar y tratar los factores de riesgo que pueden conducir al suicidio.<\/p>\n<h3>\u00bfC\u00f3mo construir una red de soporte y por qu\u00e9 es importante el papel de toda la sociedad?<\/h3>\n<p>Construir una red de apoyo es fundamental para la prevenci\u00f3n del suicidio, puesto que proporciona un sistema de protecci\u00f3n, acompa\u00f1amiento y esperanza para aquellas personas que padecen malestar emocional o atraviesan situaciones dif\u00edciles. Una red de soporte consiste en una <a href=\"https:\/\/esperancaenlinia.org\/es\/acompanyament-emocional\/\"><strong>comunidad de personas<\/strong><\/a> \u2013familiares, amigos, compa\u00f1eros de trabajo y profesionales\u2013 que est\u00e1n preparadas para ofrecer escucha activa, comprensi\u00f3n y orientaci\u00f3n en momentos cr\u00edticos. Disponer de una red de soporte permite que se puedan abrir y recibir ayuda en un entorno seguro.<\/p>\n<p>El papel de la sociedad es crucial en esta prevenci\u00f3n, porque una comunidad consciente y emp\u00e1tica puede identificar y responder a las se\u00f1ales de alerta de una persona en crisis. La formaci\u00f3n y la educaci\u00f3n en salud mental, tanto en escuelas como en puestos de trabajo y comunidades, sensibilizan a la poblaci\u00f3n y ayudan a reducir el estigma sobre el suicidio y la b\u00fasqueda de ayuda.<\/p>\n<p><img decoding=\"async\" class=\"aligncenter wp-image-1546 size-full\" src=\"https:\/\/esperancaenlinia.org\/wp-content\/uploads\/2024\/11\/prevencio-del-suicidi-1.jpg\" alt=\"\" width=\"900\" height=\"600\" srcset=\"https:\/\/esperancaenlinia.org\/wp-content\/uploads\/2024\/11\/prevencio-del-suicidi-1.jpg 900w, https:\/\/esperancaenlinia.org\/wp-content\/uploads\/2024\/11\/prevencio-del-suicidi-1-600x400.jpg 600w, https:\/\/esperancaenlinia.org\/wp-content\/uploads\/2024\/11\/prevencio-del-suicidi-1-300x200.jpg 300w, https:\/\/esperancaenlinia.org\/wp-content\/uploads\/2024\/11\/prevencio-del-suicidi-1-768x512.jpg 768w, https:\/\/esperancaenlinia.org\/wp-content\/uploads\/2024\/11\/prevencio-del-suicidi-1-18x12.jpg 18w\" sizes=\"(max-width: 900px) 100vw, 900px\" \/><\/p>\n<h3>El rol de los profesionales de la salud mental en la prevenci\u00f3n<\/h3>\n<p>Los profesionales de la salud mental -psic\u00f3logos, psiquiatras, consejeros y trabajadores sociales- son fundamentales en la prevenci\u00f3n del suicidio. Estos especialistas no s\u00f3lo ofrecen terapias y tratamiento adecuado para personas en riesgo, sino que tambi\u00e9n pueden proporcionar herramientas para la prevenci\u00f3n, identificaci\u00f3n de <a href=\"https:\/\/esperancaenlinia.org\/es\/solitud-no-desitjada\/\"><strong>patrones de riesgo<\/strong><\/a> y asesoramiento en estrategias de afrontamiento emocional.<\/p>\n<h3>\u00bfC\u00f3mo funciona el Tel\u00e9fono de Prevenci\u00f3n del Suicidio?<\/h3>\n<p>Se trata de una iniciativa que ofrece apoyo emocional y acompa\u00f1a a las personas en crisis de forma confidencial y sin juicios. Esta organizaci\u00f3n cuenta con una red de un centenar de personas voluntarias que atienden a miles de llamadas al a\u00f1o. La tarea de estos voluntarios es escuchar y ofrecer un espacio seguro para la expresi\u00f3n de las emociones m\u00e1s dif\u00edciles, brindando esperanza y apoyo en momentos de desesperanza. Con 55 a\u00f1os de experiencia, se ha convertido en un recurso fundamental para aquellos que sufren de malestar emocional. Con cinco servicios de apoyo emocional, esta entidad acompa\u00f1a a personas de todas las edades y situaciones, ofreciendo herramientas para afrontar la soledad, la depresi\u00f3n y la angustia. Su tarea es \u00fanica en crear un espacio de comprensi\u00f3n y soporte para quien lo necesita.<\/p>\n<p><img decoding=\"async\" class=\"aligncenter wp-image-1547 size-full\" src=\"https:\/\/esperancaenlinia.org\/wp-content\/uploads\/2024\/11\/prevencio-del-suicidi-2.jpg\" alt=\"\" width=\"900\" height=\"600\" srcset=\"https:\/\/esperancaenlinia.org\/wp-content\/uploads\/2024\/11\/prevencio-del-suicidi-2.jpg 900w, https:\/\/esperancaenlinia.org\/wp-content\/uploads\/2024\/11\/prevencio-del-suicidi-2-600x400.jpg 600w, https:\/\/esperancaenlinia.org\/wp-content\/uploads\/2024\/11\/prevencio-del-suicidi-2-300x200.jpg 300w, https:\/\/esperancaenlinia.org\/wp-content\/uploads\/2024\/11\/prevencio-del-suicidi-2-768x512.jpg 768w, https:\/\/esperancaenlinia.org\/wp-content\/uploads\/2024\/11\/prevencio-del-suicidi-2-18x12.jpg 18w\" sizes=\"(max-width: 900px) 100vw, 900px\" \/><\/p>\n<p>\u00c9sta <a href=\"https:\/\/esperancaenlinia.org\/es\/requeriments\/\"><strong>escucha activa<\/strong><\/a> y respetuosa ayuda a la persona a sentirse valorada y comprendida, lo que reduce los sentimientos de aislamiento. Para muchos, hablar de sus emociones con una persona emp\u00e1tica es el primer paso para empezar a identificar sus pensamientos y emociones y, poco a poco, darles sentido y encontrar alternativas. Adem\u00e1s, el hecho de que esta voz amiga sea una persona formada por gestionar este tipo de situaciones de riesgo, proporciona un apoyo m\u00e1s eficiente y seguro para estas personas.<\/p>","protected":false},"excerpt":{"rendered":"<p>La salud mental como prioridad Cuando una persona se siente en crisis, angustiada, sola o al l\u00edmite, tener una voz amiga a su lado puede marcar una gran diferencia. El apoyo emocional, la escucha sin juicios y la confidencialidad que ofrecen servicios como el Tel\u00e9fono de la Esperanza son esenciales para la prevenci\u00f3n del suicidio,\u2026&nbsp;<a href=\"https:\/\/esperancaenlinia.org\/es\/la-importancia-duna-veu-amiga-en-la-prevencio-del-suicidi\/\" rel=\"bookmark\"><span class=\"screen-reader-text\">La importancia de una voz amiga en la prevenci\u00f3n del suicidio<\/span><\/a><\/p>","protected":false},"author":2,"featured_media":4196,"comment_status":"closed","ping_status":"closed","sticky":false,"template":"","format":"standard","meta":{"neve_meta_sidebar":"","neve_meta_container":"","neve_meta_enable_content_width":"off","neve_meta_content_width":70,"neve_meta_title_alignment":"","neve_meta_author_avatar":"","neve_post_elements_order":"","neve_meta_disable_header":"","neve_meta_disable_footer":"","neve_meta_disable_title":"","footnotes":""},"categories":[12],"tags":[8],"class_list":["post-1544","post","type-post","status-publish","format-standard","has-post-thumbnail","hentry","category-prevencio-del-suicidi","tag-prevencio-del-suicidi"],"yoast_head":"<!-- This site is optimized with the Yoast SEO plugin v27.1.1 - https:\/\/yoast.com\/product\/yoast-seo-wordpress\/ -->\n<title>La import\u00e0ncia d\u2019una veu amiga en la prevenci\u00f3 del su\u00efcidi - Fundaci\u00f3n Ajuda i Esperan\u00e7a<\/title>\n<meta name=\"robots\" content=\"index, follow, max-snippet:-1, max-image-preview:large, max-video-preview:-1\" \/>\n<link rel=\"canonical\" href=\"https:\/\/esperancaenlinia.org\/es\/la-importancia-duna-veu-amiga-en-la-prevencio-del-suicidi\/\" \/>\n<meta property=\"og:locale\" content=\"es_ES\" \/>\n<meta property=\"og:type\" content=\"article\" \/>\n<meta property=\"og:title\" content=\"La import\u00e0ncia d\u2019una veu amiga en la prevenci\u00f3 del su\u00efcidi - Fundaci\u00f3n Ajuda i Esperan\u00e7a\" \/>\n<meta property=\"og:description\" content=\"La salut mental com a prioritat Quan una persona se sent en crisi, angoixada, sola o al l\u00edmit, tenir una veu amiga al seu costat pot marcar una gran difer\u00e8ncia. El suport emocional, l\u2019escolta sense judicis i la confidencialitat que ofereixen serveis com el Tel\u00e8fon de l\u2019Esperan\u00e7a s\u00f3n essencials per a la prevenci\u00f3 del su\u00efcidi,&hellip;&nbsp;La import\u00e0ncia d\u2019una veu amiga en la prevenci\u00f3 del su\u00efcidi\" \/>\n<meta property=\"og:url\" content=\"https:\/\/esperancaenlinia.org\/es\/la-importancia-duna-veu-amiga-en-la-prevencio-del-suicidi\/\" \/>\n<meta property=\"og:site_name\" content=\"Fundaci\u00f3n Ajuda i Esperan\u00e7a\" \/>\n<meta property=\"article:published_time\" content=\"2023-11-27T10:43:59+00:00\" \/>\n<meta property=\"article:modified_time\" content=\"2026-03-04T15:31:10+00:00\" \/>\n<meta property=\"og:image\" content=\"https:\/\/esperancaenlinia.org\/wp-content\/uploads\/2023\/11\/TPS.png\" \/>\n\t<meta property=\"og:image:width\" content=\"1035\" \/>\n\t<meta property=\"og:image:height\" content=\"667\" \/>\n\t<meta property=\"og:image:type\" content=\"image\/png\" \/>\n<meta name=\"author\" content=\"carlos\" \/>\n<meta name=\"twitter:card\" content=\"summary_large_image\" \/>\n<meta name=\"twitter:label1\" content=\"Escrito por\" \/>\n\t<meta name=\"twitter:data1\" content=\"carlos\" \/>\n\t<meta name=\"twitter:label2\" content=\"Tiempo de lectura\" \/>\n\t<meta name=\"twitter:data2\" content=\"4 minutos\" \/>\n<script type=\"application\/ld+json\" class=\"yoast-schema-graph\">{\"@context\":\"https:\/\/schema.org\",\"@graph\":[{\"@type\":\"Article\",\"@id\":\"https:\/\/esperancaenlinia.org\/la-importancia-duna-veu-amiga-en-la-prevencio-del-suicidi\/#article\",\"isPartOf\":{\"@id\":\"https:\/\/esperancaenlinia.org\/la-importancia-duna-veu-amiga-en-la-prevencio-del-suicidi\/\"},\"author\":{\"name\":\"carlos\",\"@id\":\"https:\/\/esperancaenlinia.org\/#\/schema\/person\/e2cef6461e5b8ff029ece036075fccc7\"},\"headline\":\"La import\u00e0ncia d\u2019una veu amiga en la prevenci\u00f3 del su\u00efcidi\",\"datePublished\":\"2023-11-27T10:43:59+00:00\",\"dateModified\":\"2026-03-04T15:31:10+00:00\",\"mainEntityOfPage\":{\"@id\":\"https:\/\/esperancaenlinia.org\/la-importancia-duna-veu-amiga-en-la-prevencio-del-suicidi\/\"},\"wordCount\":781,\"publisher\":{\"@id\":\"https:\/\/esperancaenlinia.org\/#organization\"},\"image\":{\"@id\":\"https:\/\/esperancaenlinia.org\/la-importancia-duna-veu-amiga-en-la-prevencio-del-suicidi\/#primaryimage\"},\"thumbnailUrl\":\"https:\/\/esperancaenlinia.org\/wp-content\/uploads\/2023\/11\/TPS.png\",\"keywords\":[\"prevenci\u00f3 del su\u00efcidi\"],\"articleSection\":[\"Prevenci\u00f3 del su\u00efcidi\"],\"inLanguage\":\"es\"},{\"@type\":\"WebPage\",\"@id\":\"https:\/\/esperancaenlinia.org\/la-importancia-duna-veu-amiga-en-la-prevencio-del-suicidi\/\",\"url\":\"https:\/\/esperancaenlinia.org\/la-importancia-duna-veu-amiga-en-la-prevencio-del-suicidi\/\",\"name\":\"La import\u00e0ncia d\u2019una veu amiga en la prevenci\u00f3 del su\u00efcidi - Fundaci\u00f3n Ajuda i Esperan\u00e7a\",\"isPartOf\":{\"@id\":\"https:\/\/esperancaenlinia.org\/#website\"},\"primaryImageOfPage\":{\"@id\":\"https:\/\/esperancaenlinia.org\/la-importancia-duna-veu-amiga-en-la-prevencio-del-suicidi\/#primaryimage\"},\"image\":{\"@id\":\"https:\/\/esperancaenlinia.org\/la-importancia-duna-veu-amiga-en-la-prevencio-del-suicidi\/#primaryimage\"},\"thumbnailUrl\":\"https:\/\/esperancaenlinia.org\/wp-content\/uploads\/2023\/11\/TPS.png\",\"datePublished\":\"2023-11-27T10:43:59+00:00\",\"dateModified\":\"2026-03-04T15:31:10+00:00\",\"breadcrumb\":{\"@id\":\"https:\/\/esperancaenlinia.org\/la-importancia-duna-veu-amiga-en-la-prevencio-del-suicidi\/#breadcrumb\"},\"inLanguage\":\"es\",\"potentialAction\":[{\"@type\":\"ReadAction\",\"target\":[\"https:\/\/esperancaenlinia.org\/la-importancia-duna-veu-amiga-en-la-prevencio-del-suicidi\/\"]}]},{\"@type\":\"ImageObject\",\"inLanguage\":\"es\",\"@id\":\"https:\/\/esperancaenlinia.org\/la-importancia-duna-veu-amiga-en-la-prevencio-del-suicidi\/#primaryimage\",\"url\":\"https:\/\/esperancaenlinia.org\/wp-content\/uploads\/2023\/11\/TPS.png\",\"contentUrl\":\"https:\/\/esperancaenlinia.org\/wp-content\/uploads\/2023\/11\/TPS.png\",\"width\":1035,\"height\":667},{\"@type\":\"BreadcrumbList\",\"@id\":\"https:\/\/esperancaenlinia.org\/la-importancia-duna-veu-amiga-en-la-prevencio-del-suicidi\/#breadcrumb\",\"itemListElement\":[{\"@type\":\"ListItem\",\"position\":1,\"name\":\"Portada\",\"item\":\"https:\/\/esperancaenlinia.org\/\"},{\"@type\":\"ListItem\",\"position\":2,\"name\":\"La import\u00e0ncia d\u2019una veu amiga en la prevenci\u00f3 del su\u00efcidi\"}]},{\"@type\":\"WebSite\",\"@id\":\"https:\/\/esperancaenlinia.org\/#website\",\"url\":\"https:\/\/esperancaenlinia.org\/\",\"name\":\"Fundaci\u00f3n Ajuda i Esperan\u00e7a\",\"description\":\"\",\"publisher\":{\"@id\":\"https:\/\/esperancaenlinia.org\/#organization\"},\"potentialAction\":[{\"@type\":\"SearchAction\",\"target\":{\"@type\":\"EntryPoint\",\"urlTemplate\":\"https:\/\/esperancaenlinia.org\/?s={search_term_string}\"},\"query-input\":{\"@type\":\"PropertyValueSpecification\",\"valueRequired\":true,\"valueName\":\"search_term_string\"}}],\"inLanguage\":\"es\"},{\"@type\":\"Organization\",\"@id\":\"https:\/\/esperancaenlinia.org\/#organization\",\"name\":\"Fundaci\u00f3n Ajuda i Esperan\u00e7a\",\"url\":\"https:\/\/esperancaenlinia.org\/\",\"logo\":{\"@type\":\"ImageObject\",\"inLanguage\":\"es\",\"@id\":\"https:\/\/esperancaenlinia.org\/#\/schema\/logo\/image\/\",\"url\":\"https:\/\/esperancaenlinia.org\/wp-content\/uploads\/2024\/04\/logo-1.png\",\"contentUrl\":\"https:\/\/esperancaenlinia.org\/wp-content\/uploads\/2024\/04\/logo-1.png\",\"width\":662,\"height\":200,\"caption\":\"Fundaci\u00f3n Ajuda i Esperan\u00e7a\"},\"image\":{\"@id\":\"https:\/\/esperancaenlinia.org\/#\/schema\/logo\/image\/\"}},{\"@type\":\"Person\",\"@id\":\"https:\/\/esperancaenlinia.org\/#\/schema\/person\/e2cef6461e5b8ff029ece036075fccc7\",\"name\":\"carlos\",\"image\":{\"@type\":\"ImageObject\",\"inLanguage\":\"es\",\"@id\":\"https:\/\/esperancaenlinia.org\/#\/schema\/person\/image\/\",\"url\":\"https:\/\/secure.gravatar.com\/avatar\/ab10b60551e807f6b37d54bb09e40bc41b08e3828d46504634ad6f35da1b46dc?s=96&d=mm&r=g\",\"contentUrl\":\"https:\/\/secure.gravatar.com\/avatar\/ab10b60551e807f6b37d54bb09e40bc41b08e3828d46504634ad6f35da1b46dc?s=96&d=mm&r=g\",\"caption\":\"carlos\"},\"url\":\"https:\/\/esperancaenlinia.org\/es\/author\/carlos\/\"}]}<\/script>\n<!-- \/ Yoast SEO plugin. -->","yoast_head_json":{"title":"La import\u00e0ncia d\u2019una veu amiga en la prevenci\u00f3 del su\u00efcidi - Fundaci\u00f3n Ajuda i Esperan\u00e7a","robots":{"index":"index","follow":"follow","max-snippet":"max-snippet:-1","max-image-preview":"max-image-preview:large","max-video-preview":"max-video-preview:-1"},"canonical":"https:\/\/esperancaenlinia.org\/es\/la-importancia-duna-veu-amiga-en-la-prevencio-del-suicidi\/","og_locale":"es_ES","og_type":"article","og_title":"La import\u00e0ncia d\u2019una veu amiga en la prevenci\u00f3 del su\u00efcidi - Fundaci\u00f3n Ajuda i Esperan\u00e7a","og_description":"La salut mental com a prioritat Quan una persona se sent en crisi, angoixada, sola o al l\u00edmit, tenir una veu amiga al seu costat pot marcar una gran difer\u00e8ncia. El suport emocional, l\u2019escolta sense judicis i la confidencialitat que ofereixen serveis com el Tel\u00e8fon de l\u2019Esperan\u00e7a s\u00f3n essencials per a la prevenci\u00f3 del su\u00efcidi,&hellip;&nbsp;La import\u00e0ncia d\u2019una veu amiga en la prevenci\u00f3 del su\u00efcidi","og_url":"https:\/\/esperancaenlinia.org\/es\/la-importancia-duna-veu-amiga-en-la-prevencio-del-suicidi\/","og_site_name":"Fundaci\u00f3n Ajuda i Esperan\u00e7a","article_published_time":"2023-11-27T10:43:59+00:00","article_modified_time":"2026-03-04T15:31:10+00:00","og_image":[{"width":1035,"height":667,"url":"https:\/\/esperancaenlinia.org\/wp-content\/uploads\/2023\/11\/TPS.png","type":"image\/png"}],"author":"carlos","twitter_card":"summary_large_image","twitter_misc":{"Escrito por":"carlos","Tiempo de lectura":"4 minutos"},"schema":{"@context":"https:\/\/schema.org","@graph":[{"@type":"Article","@id":"https:\/\/esperancaenlinia.org\/la-importancia-duna-veu-amiga-en-la-prevencio-del-suicidi\/#article","isPartOf":{"@id":"https:\/\/esperancaenlinia.org\/la-importancia-duna-veu-amiga-en-la-prevencio-del-suicidi\/"},"author":{"name":"carlos","@id":"https:\/\/esperancaenlinia.org\/#\/schema\/person\/e2cef6461e5b8ff029ece036075fccc7"},"headline":"La import\u00e0ncia d\u2019una veu amiga en la prevenci\u00f3 del su\u00efcidi","datePublished":"2023-11-27T10:43:59+00:00","dateModified":"2026-03-04T15:31:10+00:00","mainEntityOfPage":{"@id":"https:\/\/esperancaenlinia.org\/la-importancia-duna-veu-amiga-en-la-prevencio-del-suicidi\/"},"wordCount":781,"publisher":{"@id":"https:\/\/esperancaenlinia.org\/#organization"},"image":{"@id":"https:\/\/esperancaenlinia.org\/la-importancia-duna-veu-amiga-en-la-prevencio-del-suicidi\/#primaryimage"},"thumbnailUrl":"https:\/\/esperancaenlinia.org\/wp-content\/uploads\/2023\/11\/TPS.png","keywords":["prevenci\u00f3 del su\u00efcidi"],"articleSection":["Prevenci\u00f3 del su\u00efcidi"],"inLanguage":"es"},{"@type":"WebPage","@id":"https:\/\/esperancaenlinia.org\/la-importancia-duna-veu-amiga-en-la-prevencio-del-suicidi\/","url":"https:\/\/esperancaenlinia.org\/la-importancia-duna-veu-amiga-en-la-prevencio-del-suicidi\/","name":"La import\u00e0ncia d\u2019una veu amiga en la prevenci\u00f3 del su\u00efcidi - Fundaci\u00f3n Ajuda i Esperan\u00e7a","isPartOf":{"@id":"https:\/\/esperancaenlinia.org\/#website"},"primaryImageOfPage":{"@id":"https:\/\/esperancaenlinia.org\/la-importancia-duna-veu-amiga-en-la-prevencio-del-suicidi\/#primaryimage"},"image":{"@id":"https:\/\/esperancaenlinia.org\/la-importancia-duna-veu-amiga-en-la-prevencio-del-suicidi\/#primaryimage"},"thumbnailUrl":"https:\/\/esperancaenlinia.org\/wp-content\/uploads\/2023\/11\/TPS.png","datePublished":"2023-11-27T10:43:59+00:00","dateModified":"2026-03-04T15:31:10+00:00","breadcrumb":{"@id":"https:\/\/esperancaenlinia.org\/la-importancia-duna-veu-amiga-en-la-prevencio-del-suicidi\/#breadcrumb"},"inLanguage":"es","potentialAction":[{"@type":"ReadAction","target":["https:\/\/esperancaenlinia.org\/la-importancia-duna-veu-amiga-en-la-prevencio-del-suicidi\/"]}]},{"@type":"ImageObject","inLanguage":"es","@id":"https:\/\/esperancaenlinia.org\/la-importancia-duna-veu-amiga-en-la-prevencio-del-suicidi\/#primaryimage","url":"https:\/\/esperancaenlinia.org\/wp-content\/uploads\/2023\/11\/TPS.png","contentUrl":"https:\/\/esperancaenlinia.org\/wp-content\/uploads\/2023\/11\/TPS.png","width":1035,"height":667},{"@type":"BreadcrumbList","@id":"https:\/\/esperancaenlinia.org\/la-importancia-duna-veu-amiga-en-la-prevencio-del-suicidi\/#breadcrumb","itemListElement":[{"@type":"ListItem","position":1,"name":"Portada","item":"https:\/\/esperancaenlinia.org\/"},{"@type":"ListItem","position":2,"name":"La import\u00e0ncia d\u2019una veu amiga en la prevenci\u00f3 del su\u00efcidi"}]},{"@type":"WebSite","@id":"https:\/\/esperancaenlinia.org\/#website","url":"https:\/\/esperancaenlinia.org\/","name":"Fundaci\u00f3n Ayuda y Esperanza","description":"","publisher":{"@id":"https:\/\/esperancaenlinia.org\/#organization"},"potentialAction":[{"@type":"SearchAction","target":{"@type":"EntryPoint","urlTemplate":"https:\/\/esperancaenlinia.org\/?s={search_term_string}"},"query-input":{"@type":"PropertyValueSpecification","valueRequired":true,"valueName":"search_term_string"}}],"inLanguage":"es"},{"@type":"Organization","@id":"https:\/\/esperancaenlinia.org\/#organization","name":"Fundaci\u00f3n Ayuda y Esperanza","url":"https:\/\/esperancaenlinia.org\/","logo":{"@type":"ImageObject","inLanguage":"es","@id":"https:\/\/esperancaenlinia.org\/#\/schema\/logo\/image\/","url":"https:\/\/esperancaenlinia.org\/wp-content\/uploads\/2024\/04\/logo-1.png","contentUrl":"https:\/\/esperancaenlinia.org\/wp-content\/uploads\/2024\/04\/logo-1.png","width":662,"height":200,"caption":"Fundaci\u00f3n Ajuda i Esperan\u00e7a"},"image":{"@id":"https:\/\/esperancaenlinia.org\/#\/schema\/logo\/image\/"}},{"@type":"Person","@id":"https:\/\/esperancaenlinia.org\/#\/schema\/person\/e2cef6461e5b8ff029ece036075fccc7","name":"carlos","image":{"@type":"ImageObject","inLanguage":"es","@id":"https:\/\/esperancaenlinia.org\/#\/schema\/person\/image\/","url":"https:\/\/secure.gravatar.com\/avatar\/ab10b60551e807f6b37d54bb09e40bc41b08e3828d46504634ad6f35da1b46dc?s=96&d=mm&r=g","contentUrl":"https:\/\/secure.gravatar.com\/avatar\/ab10b60551e807f6b37d54bb09e40bc41b08e3828d46504634ad6f35da1b46dc?s=96&d=mm&r=g","caption":"carlos"},"url":"https:\/\/esperancaenlinia.org\/es\/author\/carlos\/"}]}},"_links":{"self":[{"href":"https:\/\/esperancaenlinia.org\/es\/wp-json\/wp\/v2\/posts\/1544","targetHints":{"allow":["GET"]}}],"collection":[{"href":"https:\/\/esperancaenlinia.org\/es\/wp-json\/wp\/v2\/posts"}],"about":[{"href":"https:\/\/esperancaenlinia.org\/es\/wp-json\/wp\/v2\/types\/post"}],"author":[{"embeddable":true,"href":"https:\/\/esperancaenlinia.org\/es\/wp-json\/wp\/v2\/users\/2"}],"replies":[{"embeddable":true,"href":"https:\/\/esperancaenlinia.org\/es\/wp-json\/wp\/v2\/comments?post=1544"}],"version-history":[{"count":4,"href":"https:\/\/esperancaenlinia.org\/es\/wp-json\/wp\/v2\/posts\/1544\/revisions"}],"predecessor-version":[{"id":4198,"href":"https:\/\/esperancaenlinia.org\/es\/wp-json\/wp\/v2\/posts\/1544\/revisions\/4198"}],"wp:featuredmedia":[{"embeddable":true,"href":"https:\/\/esperancaenlinia.org\/es\/wp-json\/wp\/v2\/media\/4196"}],"wp:attachment":[{"href":"https:\/\/esperancaenlinia.org\/es\/wp-json\/wp\/v2\/media?parent=1544"}],"wp:term":[{"taxonomy":"category","embeddable":true,"href":"https:\/\/esperancaenlinia.org\/es\/wp-json\/wp\/v2\/categories?post=1544"},{"taxonomy":"post_tag","embeddable":true,"href":"https:\/\/esperancaenlinia.org\/es\/wp-json\/wp\/v2\/tags?post=1544"}],"curies":[{"name":"wp","href":"https:\/\/api.w.org\/{rel}","templated":true}]}}