{"id":2852,"date":"2023-11-10T15:16:16","date_gmt":"2023-11-10T14:16:16","guid":{"rendered":"https:\/\/esperancaenlinia.org\/?p=2852"},"modified":"2026-03-04T16:31:22","modified_gmt":"2026-03-04T15:31:22","slug":"collaboracio-amb-upf-bsm-i-meta-per-la-salut-emocional-de-joves-i-adolescents","status":"publish","type":"post","link":"https:\/\/esperancaenlinia.org\/es\/collaboracio-amb-upf-bsm-i-meta-per-la-salut-emocional-de-joves-i-adolescents\/","title":{"rendered":"Colaboraci\u00f3n con UPF-BSM y Meta por la salud emocional de j\u00f3venes y adolescentes"},"content":{"rendered":"<p>Tras la puesta en marcha de los Chat de Atenci\u00f3n Emocional a J\u00f3venes y Adolescentes y comprobar la gran cantidad de conversaciones atendidas, apareci\u00f3 la oportunidad de realizar una campa\u00f1a en colaboraci\u00f3n con la Universidad Pompeu Fabra i Meta.<\/p>\n<p>De la mano de vicedecana en innovaci\u00f3n social en la Universidad Pompeu Fabra, Ana Freire y con el apoyo y la implicaci\u00f3n de Meta, se lanz\u00f3 una campa\u00f1a que acerc\u00f3 el servicio a la juventud usuario de las redes sensible a necesitarlo.<\/p>\n<p>&nbsp;<\/p>","protected":false},"excerpt":{"rendered":"<p>Tras la puesta en marcha de los Chat de Atenci\u00f3n Emocional a J\u00f3venes y Adolescentes y comprobar la gran cantidad de conversaciones atendidas, apareci\u00f3 la oportunidad de realizar una campa\u00f1a en colaboraci\u00f3n con la Universidad Pompeu Fabra i Meta. De la mano de vicedecana en innovaci\u00f3n social en la Universidad Pompeu Fabra, Ana Freire y con\u2026&nbsp;<a href=\"https:\/\/esperancaenlinia.org\/es\/collaboracio-amb-upf-bsm-i-meta-per-la-salut-emocional-de-joves-i-adolescents\/\" rel=\"bookmark\"><span class=\"screen-reader-text\">Colaboraci\u00f3n con UPF-BSM y Meta por la salud emocional de j\u00f3venes y adolescentes<\/span><\/a><\/p>","protected":false},"author":3,"featured_media":4193,"comment_status":"closed","ping_status":"closed","sticky":false,"template":"","format":"standard","meta":{"neve_meta_sidebar":"","neve_meta_container":"","neve_meta_enable_content_width":"off","neve_meta_content_width":70,"neve_meta_title_alignment":"","neve_meta_author_avatar":"","neve_post_elements_order":"","neve_meta_disable_header":"","neve_meta_disable_footer":"","neve_meta_disable_title":"","footnotes":""},"categories":[11,17],"tags":[],"class_list":["post-2852","post","type-post","status-publish","format-standard","has-post-thumbnail","hentry","category-adolescents-i-joves","category-collaboracio"],"yoast_head":"<!-- This site is optimized with the Yoast SEO plugin v27.1.1 - https:\/\/yoast.com\/product\/yoast-seo-wordpress\/ -->\n<title>Col\u00b7laboraci\u00f3 amb UPF-BSM i Meta per la salut emocional de joves i adolescents - Fundaci\u00f3n Ajuda i Esperan\u00e7a<\/title>\n<meta name=\"robots\" content=\"index, follow, max-snippet:-1, max-image-preview:large, max-video-preview:-1\" \/>\n<link rel=\"canonical\" href=\"https:\/\/esperancaenlinia.org\/es\/collaboracio-amb-upf-bsm-i-meta-per-la-salut-emocional-de-joves-i-adolescents\/\" \/>\n<meta property=\"og:locale\" content=\"es_ES\" \/>\n<meta property=\"og:type\" content=\"article\" \/>\n<meta property=\"og:title\" content=\"Col\u00b7laboraci\u00f3 amb UPF-BSM i Meta per la salut emocional de joves i adolescents - Fundaci\u00f3n Ajuda i Esperan\u00e7a\" \/>\n<meta property=\"og:description\" content=\"Despr\u00e9s de la posada en marxa dels Xat d\u2019Atenci\u00f3 Emocional a Joves i Adolescents i comprovar la gran quantitat de converses ateses, va apar\u00e8ixer l\u2019oportunitat de fer una campanya en col\u00b7laboraci\u00f3 amb la Univeritat Pompeu Fabra i Meta. De la m\u00e0 de vicedegana en innovaci\u00f3 social a la Universitat Pompeu Fabra, Ana Freire i amb&hellip;&nbsp;Col\u00b7laboraci\u00f3 amb UPF-BSM i Meta per la salut emocional de joves i adolescents\" \/>\n<meta property=\"og:url\" content=\"https:\/\/esperancaenlinia.org\/es\/collaboracio-amb-upf-bsm-i-meta-per-la-salut-emocional-de-joves-i-adolescents\/\" \/>\n<meta property=\"og:site_name\" content=\"Fundaci\u00f3n Ajuda i Esperan\u00e7a\" \/>\n<meta property=\"article:published_time\" content=\"2023-11-10T14:16:16+00:00\" \/>\n<meta property=\"article:modified_time\" content=\"2026-03-04T15:31:22+00:00\" \/>\n<meta property=\"og:image\" content=\"https:\/\/esperancaenlinia.org\/wp-content\/uploads\/2023\/11\/campanya-meta-xat-joves-upf-.jpg\" \/>\n\t<meta property=\"og:image:width\" content=\"1200\" \/>\n\t<meta property=\"og:image:height\" content=\"820\" \/>\n\t<meta property=\"og:image:type\" content=\"image\/jpeg\" \/>\n<meta name=\"author\" content=\"3sp3rRnOv\" \/>\n<meta name=\"twitter:card\" content=\"summary_large_image\" \/>\n<meta name=\"twitter:label1\" content=\"Escrito por\" \/>\n\t<meta name=\"twitter:data1\" content=\"3sp3rRnOv\" \/>\n\t<meta name=\"twitter:label2\" content=\"Tiempo de lectura\" \/>\n\t<meta name=\"twitter:data2\" content=\"1 minuto\" \/>\n<script type=\"application\/ld+json\" class=\"yoast-schema-graph\">{\"@context\":\"https:\/\/schema.org\",\"@graph\":[{\"@type\":\"Article\",\"@id\":\"https:\/\/esperancaenlinia.org\/collaboracio-amb-upf-bsm-i-meta-per-la-salut-emocional-de-joves-i-adolescents\/#article\",\"isPartOf\":{\"@id\":\"https:\/\/esperancaenlinia.org\/collaboracio-amb-upf-bsm-i-meta-per-la-salut-emocional-de-joves-i-adolescents\/\"},\"author\":{\"name\":\"3sp3rRnOv\",\"@id\":\"https:\/\/esperancaenlinia.org\/#\/schema\/person\/88b6c0ee2e71336b3732e1f321a0ea12\"},\"headline\":\"Col\u00b7laboraci\u00f3 amb UPF-BSM i Meta per la salut emocional de joves i adolescents\",\"datePublished\":\"2023-11-10T14:16:16+00:00\",\"dateModified\":\"2026-03-04T15:31:22+00:00\",\"mainEntityOfPage\":{\"@id\":\"https:\/\/esperancaenlinia.org\/collaboracio-amb-upf-bsm-i-meta-per-la-salut-emocional-de-joves-i-adolescents\/\"},\"wordCount\":102,\"publisher\":{\"@id\":\"https:\/\/esperancaenlinia.org\/#organization\"},\"image\":{\"@id\":\"https:\/\/esperancaenlinia.org\/collaboracio-amb-upf-bsm-i-meta-per-la-salut-emocional-de-joves-i-adolescents\/#primaryimage\"},\"thumbnailUrl\":\"https:\/\/esperancaenlinia.org\/wp-content\/uploads\/2023\/11\/campanya-meta-xat-joves-upf-.jpg\",\"articleSection\":[\"Adolescents i Joves\",\"Col\u00b7laboraci\u00f3\"],\"inLanguage\":\"es\"},{\"@type\":\"WebPage\",\"@id\":\"https:\/\/esperancaenlinia.org\/collaboracio-amb-upf-bsm-i-meta-per-la-salut-emocional-de-joves-i-adolescents\/\",\"url\":\"https:\/\/esperancaenlinia.org\/collaboracio-amb-upf-bsm-i-meta-per-la-salut-emocional-de-joves-i-adolescents\/\",\"name\":\"Col\u00b7laboraci\u00f3 amb UPF-BSM i Meta per la salut emocional de joves i adolescents - Fundaci\u00f3n Ajuda i Esperan\u00e7a\",\"isPartOf\":{\"@id\":\"https:\/\/esperancaenlinia.org\/#website\"},\"primaryImageOfPage\":{\"@id\":\"https:\/\/esperancaenlinia.org\/collaboracio-amb-upf-bsm-i-meta-per-la-salut-emocional-de-joves-i-adolescents\/#primaryimage\"},\"image\":{\"@id\":\"https:\/\/esperancaenlinia.org\/collaboracio-amb-upf-bsm-i-meta-per-la-salut-emocional-de-joves-i-adolescents\/#primaryimage\"},\"thumbnailUrl\":\"https:\/\/esperancaenlinia.org\/wp-content\/uploads\/2023\/11\/campanya-meta-xat-joves-upf-.jpg\",\"datePublished\":\"2023-11-10T14:16:16+00:00\",\"dateModified\":\"2026-03-04T15:31:22+00:00\",\"breadcrumb\":{\"@id\":\"https:\/\/esperancaenlinia.org\/collaboracio-amb-upf-bsm-i-meta-per-la-salut-emocional-de-joves-i-adolescents\/#breadcrumb\"},\"inLanguage\":\"es\",\"potentialAction\":[{\"@type\":\"ReadAction\",\"target\":[\"https:\/\/esperancaenlinia.org\/collaboracio-amb-upf-bsm-i-meta-per-la-salut-emocional-de-joves-i-adolescents\/\"]}]},{\"@type\":\"ImageObject\",\"inLanguage\":\"es\",\"@id\":\"https:\/\/esperancaenlinia.org\/collaboracio-amb-upf-bsm-i-meta-per-la-salut-emocional-de-joves-i-adolescents\/#primaryimage\",\"url\":\"https:\/\/esperancaenlinia.org\/wp-content\/uploads\/2023\/11\/campanya-meta-xat-joves-upf-.jpg\",\"contentUrl\":\"https:\/\/esperancaenlinia.org\/wp-content\/uploads\/2023\/11\/campanya-meta-xat-joves-upf-.jpg\",\"width\":1200,\"height\":820},{\"@type\":\"BreadcrumbList\",\"@id\":\"https:\/\/esperancaenlinia.org\/collaboracio-amb-upf-bsm-i-meta-per-la-salut-emocional-de-joves-i-adolescents\/#breadcrumb\",\"itemListElement\":[{\"@type\":\"ListItem\",\"position\":1,\"name\":\"Portada\",\"item\":\"https:\/\/esperancaenlinia.org\/\"},{\"@type\":\"ListItem\",\"position\":2,\"name\":\"Col\u00b7laboraci\u00f3 amb UPF-BSM i Meta per la salut emocional de joves i adolescents\"}]},{\"@type\":\"WebSite\",\"@id\":\"https:\/\/esperancaenlinia.org\/#website\",\"url\":\"https:\/\/esperancaenlinia.org\/\",\"name\":\"Fundaci\u00f3n Ajuda i Esperan\u00e7a\",\"description\":\"\",\"publisher\":{\"@id\":\"https:\/\/esperancaenlinia.org\/#organization\"},\"potentialAction\":[{\"@type\":\"SearchAction\",\"target\":{\"@type\":\"EntryPoint\",\"urlTemplate\":\"https:\/\/esperancaenlinia.org\/?s={search_term_string}\"},\"query-input\":{\"@type\":\"PropertyValueSpecification\",\"valueRequired\":true,\"valueName\":\"search_term_string\"}}],\"inLanguage\":\"es\"},{\"@type\":\"Organization\",\"@id\":\"https:\/\/esperancaenlinia.org\/#organization\",\"name\":\"Fundaci\u00f3n Ajuda i Esperan\u00e7a\",\"url\":\"https:\/\/esperancaenlinia.org\/\",\"logo\":{\"@type\":\"ImageObject\",\"inLanguage\":\"es\",\"@id\":\"https:\/\/esperancaenlinia.org\/#\/schema\/logo\/image\/\",\"url\":\"https:\/\/esperancaenlinia.org\/wp-content\/uploads\/2024\/04\/logo-1.png\",\"contentUrl\":\"https:\/\/esperancaenlinia.org\/wp-content\/uploads\/2024\/04\/logo-1.png\",\"width\":662,\"height\":200,\"caption\":\"Fundaci\u00f3n Ajuda i Esperan\u00e7a\"},\"image\":{\"@id\":\"https:\/\/esperancaenlinia.org\/#\/schema\/logo\/image\/\"}},{\"@type\":\"Person\",\"@id\":\"https:\/\/esperancaenlinia.org\/#\/schema\/person\/88b6c0ee2e71336b3732e1f321a0ea12\",\"name\":\"3sp3rRnOv\",\"image\":{\"@type\":\"ImageObject\",\"inLanguage\":\"es\",\"@id\":\"https:\/\/esperancaenlinia.org\/#\/schema\/person\/image\/\",\"url\":\"https:\/\/secure.gravatar.com\/avatar\/6e5f3e2b5862c8cfcc8ff366c3cc5c8842438ae09421b1d489929bcc32718bdf?s=96&d=mm&r=g\",\"contentUrl\":\"https:\/\/secure.gravatar.com\/avatar\/6e5f3e2b5862c8cfcc8ff366c3cc5c8842438ae09421b1d489929bcc32718bdf?s=96&d=mm&r=g\",\"caption\":\"3sp3rRnOv\"},\"url\":\"https:\/\/esperancaenlinia.org\/es\/author\/3sp3rrnov\/\"}]}<\/script>\n<!-- \/ Yoast SEO plugin. -->","yoast_head_json":{"title":"Col\u00b7laboraci\u00f3 amb UPF-BSM i Meta per la salut emocional de joves i adolescents - Fundaci\u00f3n Ajuda i Esperan\u00e7a","robots":{"index":"index","follow":"follow","max-snippet":"max-snippet:-1","max-image-preview":"max-image-preview:large","max-video-preview":"max-video-preview:-1"},"canonical":"https:\/\/esperancaenlinia.org\/es\/collaboracio-amb-upf-bsm-i-meta-per-la-salut-emocional-de-joves-i-adolescents\/","og_locale":"es_ES","og_type":"article","og_title":"Col\u00b7laboraci\u00f3 amb UPF-BSM i Meta per la salut emocional de joves i adolescents - Fundaci\u00f3n Ajuda i Esperan\u00e7a","og_description":"Despr\u00e9s de la posada en marxa dels Xat d\u2019Atenci\u00f3 Emocional a Joves i Adolescents i comprovar la gran quantitat de converses ateses, va apar\u00e8ixer l\u2019oportunitat de fer una campanya en col\u00b7laboraci\u00f3 amb la Univeritat Pompeu Fabra i Meta. De la m\u00e0 de vicedegana en innovaci\u00f3 social a la Universitat Pompeu Fabra, Ana Freire i amb&hellip;&nbsp;Col\u00b7laboraci\u00f3 amb UPF-BSM i Meta per la salut emocional de joves i adolescents","og_url":"https:\/\/esperancaenlinia.org\/es\/collaboracio-amb-upf-bsm-i-meta-per-la-salut-emocional-de-joves-i-adolescents\/","og_site_name":"Fundaci\u00f3n Ajuda i Esperan\u00e7a","article_published_time":"2023-11-10T14:16:16+00:00","article_modified_time":"2026-03-04T15:31:22+00:00","og_image":[{"width":1200,"height":820,"url":"https:\/\/esperancaenlinia.org\/wp-content\/uploads\/2023\/11\/campanya-meta-xat-joves-upf-.jpg","type":"image\/jpeg"}],"author":"3sp3rRnOv","twitter_card":"summary_large_image","twitter_misc":{"Escrito por":"3sp3rRnOv","Tiempo de lectura":"1 minuto"},"schema":{"@context":"https:\/\/schema.org","@graph":[{"@type":"Article","@id":"https:\/\/esperancaenlinia.org\/collaboracio-amb-upf-bsm-i-meta-per-la-salut-emocional-de-joves-i-adolescents\/#article","isPartOf":{"@id":"https:\/\/esperancaenlinia.org\/collaboracio-amb-upf-bsm-i-meta-per-la-salut-emocional-de-joves-i-adolescents\/"},"author":{"name":"3sp3rRnOv","@id":"https:\/\/esperancaenlinia.org\/#\/schema\/person\/88b6c0ee2e71336b3732e1f321a0ea12"},"headline":"Col\u00b7laboraci\u00f3 amb UPF-BSM i Meta per la salut emocional de joves i adolescents","datePublished":"2023-11-10T14:16:16+00:00","dateModified":"2026-03-04T15:31:22+00:00","mainEntityOfPage":{"@id":"https:\/\/esperancaenlinia.org\/collaboracio-amb-upf-bsm-i-meta-per-la-salut-emocional-de-joves-i-adolescents\/"},"wordCount":102,"publisher":{"@id":"https:\/\/esperancaenlinia.org\/#organization"},"image":{"@id":"https:\/\/esperancaenlinia.org\/collaboracio-amb-upf-bsm-i-meta-per-la-salut-emocional-de-joves-i-adolescents\/#primaryimage"},"thumbnailUrl":"https:\/\/esperancaenlinia.org\/wp-content\/uploads\/2023\/11\/campanya-meta-xat-joves-upf-.jpg","articleSection":["Adolescents i Joves","Col\u00b7laboraci\u00f3"],"inLanguage":"es"},{"@type":"WebPage","@id":"https:\/\/esperancaenlinia.org\/collaboracio-amb-upf-bsm-i-meta-per-la-salut-emocional-de-joves-i-adolescents\/","url":"https:\/\/esperancaenlinia.org\/collaboracio-amb-upf-bsm-i-meta-per-la-salut-emocional-de-joves-i-adolescents\/","name":"Col\u00b7laboraci\u00f3 amb UPF-BSM i Meta per la salut emocional de joves i adolescents - Fundaci\u00f3n Ajuda i Esperan\u00e7a","isPartOf":{"@id":"https:\/\/esperancaenlinia.org\/#website"},"primaryImageOfPage":{"@id":"https:\/\/esperancaenlinia.org\/collaboracio-amb-upf-bsm-i-meta-per-la-salut-emocional-de-joves-i-adolescents\/#primaryimage"},"image":{"@id":"https:\/\/esperancaenlinia.org\/collaboracio-amb-upf-bsm-i-meta-per-la-salut-emocional-de-joves-i-adolescents\/#primaryimage"},"thumbnailUrl":"https:\/\/esperancaenlinia.org\/wp-content\/uploads\/2023\/11\/campanya-meta-xat-joves-upf-.jpg","datePublished":"2023-11-10T14:16:16+00:00","dateModified":"2026-03-04T15:31:22+00:00","breadcrumb":{"@id":"https:\/\/esperancaenlinia.org\/collaboracio-amb-upf-bsm-i-meta-per-la-salut-emocional-de-joves-i-adolescents\/#breadcrumb"},"inLanguage":"es","potentialAction":[{"@type":"ReadAction","target":["https:\/\/esperancaenlinia.org\/collaboracio-amb-upf-bsm-i-meta-per-la-salut-emocional-de-joves-i-adolescents\/"]}]},{"@type":"ImageObject","inLanguage":"es","@id":"https:\/\/esperancaenlinia.org\/collaboracio-amb-upf-bsm-i-meta-per-la-salut-emocional-de-joves-i-adolescents\/#primaryimage","url":"https:\/\/esperancaenlinia.org\/wp-content\/uploads\/2023\/11\/campanya-meta-xat-joves-upf-.jpg","contentUrl":"https:\/\/esperancaenlinia.org\/wp-content\/uploads\/2023\/11\/campanya-meta-xat-joves-upf-.jpg","width":1200,"height":820},{"@type":"BreadcrumbList","@id":"https:\/\/esperancaenlinia.org\/collaboracio-amb-upf-bsm-i-meta-per-la-salut-emocional-de-joves-i-adolescents\/#breadcrumb","itemListElement":[{"@type":"ListItem","position":1,"name":"Portada","item":"https:\/\/esperancaenlinia.org\/"},{"@type":"ListItem","position":2,"name":"Col\u00b7laboraci\u00f3 amb UPF-BSM i Meta per la salut emocional de joves i adolescents"}]},{"@type":"WebSite","@id":"https:\/\/esperancaenlinia.org\/#website","url":"https:\/\/esperancaenlinia.org\/","name":"Fundaci\u00f3n Ayuda y Esperanza","description":"","publisher":{"@id":"https:\/\/esperancaenlinia.org\/#organization"},"potentialAction":[{"@type":"SearchAction","target":{"@type":"EntryPoint","urlTemplate":"https:\/\/esperancaenlinia.org\/?s={search_term_string}"},"query-input":{"@type":"PropertyValueSpecification","valueRequired":true,"valueName":"search_term_string"}}],"inLanguage":"es"},{"@type":"Organization","@id":"https:\/\/esperancaenlinia.org\/#organization","name":"Fundaci\u00f3n Ayuda y Esperanza","url":"https:\/\/esperancaenlinia.org\/","logo":{"@type":"ImageObject","inLanguage":"es","@id":"https:\/\/esperancaenlinia.org\/#\/schema\/logo\/image\/","url":"https:\/\/esperancaenlinia.org\/wp-content\/uploads\/2024\/04\/logo-1.png","contentUrl":"https:\/\/esperancaenlinia.org\/wp-content\/uploads\/2024\/04\/logo-1.png","width":662,"height":200,"caption":"Fundaci\u00f3n Ajuda i Esperan\u00e7a"},"image":{"@id":"https:\/\/esperancaenlinia.org\/#\/schema\/logo\/image\/"}},{"@type":"Person","@id":"https:\/\/esperancaenlinia.org\/#\/schema\/person\/88b6c0ee2e71336b3732e1f321a0ea12","name":"3sp3rRnOv","image":{"@type":"ImageObject","inLanguage":"es","@id":"https:\/\/esperancaenlinia.org\/#\/schema\/person\/image\/","url":"https:\/\/secure.gravatar.com\/avatar\/6e5f3e2b5862c8cfcc8ff366c3cc5c8842438ae09421b1d489929bcc32718bdf?s=96&d=mm&r=g","contentUrl":"https:\/\/secure.gravatar.com\/avatar\/6e5f3e2b5862c8cfcc8ff366c3cc5c8842438ae09421b1d489929bcc32718bdf?s=96&d=mm&r=g","caption":"3sp3rRnOv"},"url":"https:\/\/esperancaenlinia.org\/es\/author\/3sp3rrnov\/"}]}},"_links":{"self":[{"href":"https:\/\/esperancaenlinia.org\/es\/wp-json\/wp\/v2\/posts\/2852","targetHints":{"allow":["GET"]}}],"collection":[{"href":"https:\/\/esperancaenlinia.org\/es\/wp-json\/wp\/v2\/posts"}],"about":[{"href":"https:\/\/esperancaenlinia.org\/es\/wp-json\/wp\/v2\/types\/post"}],"author":[{"embeddable":true,"href":"https:\/\/esperancaenlinia.org\/es\/wp-json\/wp\/v2\/users\/3"}],"replies":[{"embeddable":true,"href":"https:\/\/esperancaenlinia.org\/es\/wp-json\/wp\/v2\/comments?post=2852"}],"version-history":[{"count":5,"href":"https:\/\/esperancaenlinia.org\/es\/wp-json\/wp\/v2\/posts\/2852\/revisions"}],"predecessor-version":[{"id":4195,"href":"https:\/\/esperancaenlinia.org\/es\/wp-json\/wp\/v2\/posts\/2852\/revisions\/4195"}],"wp:featuredmedia":[{"embeddable":true,"href":"https:\/\/esperancaenlinia.org\/es\/wp-json\/wp\/v2\/media\/4193"}],"wp:attachment":[{"href":"https:\/\/esperancaenlinia.org\/es\/wp-json\/wp\/v2\/media?parent=2852"}],"wp:term":[{"taxonomy":"category","embeddable":true,"href":"https:\/\/esperancaenlinia.org\/es\/wp-json\/wp\/v2\/categories?post=2852"},{"taxonomy":"post_tag","embeddable":true,"href":"https:\/\/esperancaenlinia.org\/es\/wp-json\/wp\/v2\/tags?post=2852"}],"curies":[{"name":"wp","href":"https:\/\/api.w.org\/{rel}","templated":true}]}}