{"id":5044,"date":"2025-10-06T12:06:14","date_gmt":"2025-10-06T10:06:14","guid":{"rendered":"https:\/\/esperancaenlinia.org\/?p=5044"},"modified":"2026-03-04T16:30:42","modified_gmt":"2026-03-04T15:30:42","slug":"neix-el-campus-esperanca-en-linia","status":"publish","type":"post","link":"https:\/\/esperancaenlinia.org\/es\/neix-el-campus-esperanca-en-linia\/","title":{"rendered":"Nace el Campus Esperanza en L\u00ednea"},"content":{"rendered":"<p>Este jueves, 9 de octubre, en el marco de las actividades que se realizan por el D\u00eda Internacional para la Salud Mental, nuestra entidad pone en marcha el <a href=\"https:\/\/campus.esperancaenlinia.org\/\">Campus Esperanza en L\u00ednea<\/a>, una plataforma de formaci\u00f3n <em>online\u00a0<\/em>que ponemos a disposici\u00f3n no s\u00f3lo de nuestro voluntariado sino de cualquier persona que realice una acci\u00f3n voluntaria en el marco de la prevenci\u00f3n del suicidio, el acompa\u00f1amiento en el duelo y el apoyo emocional en general a cualquier entidad del estado espa\u00f1ol. El proyecto ha sido posible gracias a la financiaci\u00f3n del <a href=\"https:\/\/www.dsca.gob.es\/ca\">Ministerio de Derechos Sociales, Consumo y Agenda 2030<\/a>.<\/p>\n<p><img fetchpriority=\"high\" decoding=\"async\" class=\"aligncenter wp-image-5052\" src=\"https:\/\/esperancaenlinia.org\/wp-content\/uploads\/2025\/10\/campushome-1024x736.jpg\" alt=\"\" width=\"750\" height=\"540\" srcset=\"https:\/\/esperancaenlinia.org\/wp-content\/uploads\/2025\/10\/campushome-1024x736.jpg 1024w, https:\/\/esperancaenlinia.org\/wp-content\/uploads\/2025\/10\/campushome-600x431.jpg 600w, https:\/\/esperancaenlinia.org\/wp-content\/uploads\/2025\/10\/campushome-300x216.jpg 300w, https:\/\/esperancaenlinia.org\/wp-content\/uploads\/2025\/10\/campushome-768x552.jpg 768w, https:\/\/esperancaenlinia.org\/wp-content\/uploads\/2025\/10\/campushome-18x12.jpg 18w, https:\/\/esperancaenlinia.org\/wp-content\/uploads\/2025\/10\/campushome.jpg 1088w\" sizes=\"(max-width: 750px) 100vw, 750px\" \/><\/p>\n<p>El nuevo campus es un paso m\u00e1s que damos desde Esperanza en L\u00ednea en el apoyo a todo el voluntariado que realiza tareas de acompa\u00f1amiento emocional y una nueva prueba de nuestra confianza en la capacidad de las personas voluntarias en dar respuesta a los malestares de la sociedad actual, tales como la soledad no deseada o las conductas suicidas. Despu\u00e9s de m\u00e1s de medio siglo de labor de apoyo emocional, sabemos que la formaci\u00f3n no s\u00f3lo da las herramientas m\u00e1s adecuadas a la persona voluntaria para atender al otro, sino que tambi\u00e9n le ayudan a tener m\u00e1s confianza a la hora de hacerlo y desarrollar habilidades que pueden servirles en su desarrollo personal y profesional. Las tem\u00e1ticas desarrolladas en este primer m\u00f3dulo publicado en el Campus se basan en las demandas y necesidades expresadas por personas voluntarias en grupos focales que se llevaron a cabo a principios de a\u00f1o.<\/p>\n<p><strong>La formaci\u00f3n como v\u00ednculo entre entidades<\/strong><\/p>\n<p>El objetivo de la nueva plataforma va m\u00e1s all\u00e1 de ofrecer formaci\u00f3n, sino que es el rostro visible de un proyecto solidario m\u00e1s ambicioso: la creaci\u00f3n y desarrollo de v\u00ednculos entre las decenas de entidades que ofrecemos acompa\u00f1amiento emocional y prevenci\u00f3n del suicidio en toda la geograf\u00eda espa\u00f1ola. Trabajando juntas, las diferentes asociaciones y fundaciones que trabajan en el marco de la salud emocional, pueden intercambiar conocimiento y buenas pr\u00e1cticas, compartir inquietudes y encontrar juntas soluciones, mejorando as\u00ed su impacto social. Y es que \u00e9ste es el objetivo final de la plataforma: fomentar una red de apoyo para todo el voluntariado dedicado al bienestar emocional integral de la persona.<\/p>\n<p>El <a href=\"https:\/\/campus.esperancaenlinia.org\/\">Campus<\/a> arranca con un m\u00f3dulo con cinco tem\u00e1ticas distintas:<\/p>\n<ul>\n<li>Escucha activa<\/li>\n<li>Primeros auxilios psicol\u00f3gicos<\/li>\n<li>Prevenci\u00f3n del suicidio<\/li>\n<li>Acompa\u00f1amiento en el duelo<\/li>\n<li>Cuidado del voluntariado<\/li>\n<\/ul>\n<p>&nbsp;<\/p>\n<p>Estos contenidos cubren de forma completa los aspectos m\u00e1s generales del acompa\u00f1amiento emocional. Nuestra herramienta principal, que es la escucha activa; las diferentes situaciones en las que se puede encontrar a la persona voluntaria, riesgo de suicidio, duelo u otros problemas emocionales; as\u00ed como un m\u00f3dulo dedicado al cuidado de las personas voluntarias, porque para poder ayudar a los dem\u00e1s es necesario estar bien con uno mismo. El cat\u00e1logo se ampliar\u00e1 durante el pr\u00f3ximo a\u00f1o y se a\u00f1adir\u00e1n otros webinares que, como estos contenidos, estar\u00e1n abiertos a todas las personas voluntarias de entidades espa\u00f1olas dedicadas al apoyo emocional.<\/p>\n<p><strong>La presentaci\u00f3n tendr\u00e1 lugar este jueves, 9 de octubre a las 10h en la sala Equitat del <a href=\"https:\/\/hubsocialbcn.cat\/\">Hubo Social de Barcelona. <\/a><\/strong><\/p>\n<p><strong>Puedes inscribirte en el acto de presentaci\u00f3n del Campus Esperan\u00e7a en L\u00ednea <a href=\"https:\/\/forms.gle\/x7Y9uFWDVioihLaJ6\">en este enlace.<\/a><\/strong><\/p>\n<p>&nbsp;<\/p>","protected":false},"excerpt":{"rendered":"<p>Aquest dijous, 9 d&#8217;octubre, en el marc de les activitats que es fan pel Dia Internacional per la Salut Mental, la nostra entitat posa en marxa el Campus Esperan\u00e7a en L\u00ednia,\u00a0una plataforma de formaci\u00f3 online\u00a0que posem a disposici\u00f3 no nom\u00e9s del nostre voluntariat sin\u00f3 de qualsevol persona que realitzi una acci\u00f3 volunt\u00e0ria en el marc&hellip;&nbsp;<a href=\"https:\/\/esperancaenlinia.org\/es\/neix-el-campus-esperanca-en-linia\/\" rel=\"bookmark\"><span class=\"screen-reader-text\">Nace el Campus Esperanza en L\u00ednea<\/span><\/a><\/p>","protected":false},"author":3,"featured_media":5049,"comment_status":"closed","ping_status":"closed","sticky":false,"template":"","format":"standard","meta":{"neve_meta_sidebar":"","neve_meta_container":"","neve_meta_enable_content_width":"off","neve_meta_content_width":70,"neve_meta_title_alignment":"","neve_meta_author_avatar":"","neve_post_elements_order":"","neve_meta_disable_header":"","neve_meta_disable_footer":"","neve_meta_disable_title":"","footnotes":""},"categories":[15,36],"tags":[41,45,42,44,43],"class_list":["post-5044","post","type-post","status-publish","format-standard","has-post-thumbnail","hentry","category-benestar-emocional","category-voluntariat","tag-campus","tag-ministerio-de-derechos-sociales","tag-red-de-apoyo","tag-voluntariat","tag-xarxa-de-suport"],"yoast_head":"<!-- This site is optimized with the Yoast SEO plugin v27.1.1 - https:\/\/yoast.com\/product\/yoast-seo-wordpress\/ -->\n<title>Neix el Campus Esperan\u00e7a en L\u00ednia - Fundaci\u00f3n Ajuda i Esperan\u00e7a<\/title>\n<meta name=\"robots\" content=\"index, follow, max-snippet:-1, max-image-preview:large, max-video-preview:-1\" \/>\n<link rel=\"canonical\" href=\"https:\/\/esperancaenlinia.org\/es\/neix-el-campus-esperanca-en-linia\/\" \/>\n<meta property=\"og:locale\" content=\"es_ES\" \/>\n<meta property=\"og:type\" content=\"article\" \/>\n<meta property=\"og:title\" content=\"Neix el Campus Esperan\u00e7a en L\u00ednia - Fundaci\u00f3n Ajuda i Esperan\u00e7a\" \/>\n<meta property=\"og:description\" content=\"Aquest dijous, 9 d&#8217;octubre, en el marc de les activitats que es fan pel Dia Internacional per la Salut Mental, la nostra entitat posa en marxa el Campus Esperan\u00e7a en L\u00ednia,\u00a0una plataforma de formaci\u00f3 online\u00a0que posem a disposici\u00f3 no nom\u00e9s del nostre voluntariat sin\u00f3 de qualsevol persona que realitzi una acci\u00f3 volunt\u00e0ria en el marc&hellip;&nbsp;Neix el Campus Esperan\u00e7a en L\u00ednia\" \/>\n<meta property=\"og:url\" content=\"https:\/\/esperancaenlinia.org\/es\/neix-el-campus-esperanca-en-linia\/\" \/>\n<meta property=\"og:site_name\" content=\"Fundaci\u00f3n Ajuda i Esperan\u00e7a\" \/>\n<meta property=\"article:published_time\" content=\"2025-10-06T10:06:14+00:00\" \/>\n<meta property=\"article:modified_time\" content=\"2026-03-04T15:30:42+00:00\" \/>\n<meta property=\"og:image\" content=\"https:\/\/esperancaenlinia.org\/wp-content\/uploads\/2025\/10\/ave-calvar-6uAssP0vuPs-unsplash.jpg\" \/>\n\t<meta property=\"og:image:width\" content=\"1500\" \/>\n\t<meta property=\"og:image:height\" content=\"595\" \/>\n\t<meta property=\"og:image:type\" content=\"image\/jpeg\" \/>\n<meta name=\"author\" content=\"3sp3rRnOv\" \/>\n<meta name=\"twitter:card\" content=\"summary_large_image\" \/>\n<meta name=\"twitter:label1\" content=\"Escrito por\" \/>\n\t<meta name=\"twitter:data1\" content=\"3sp3rRnOv\" \/>\n\t<meta name=\"twitter:label2\" content=\"Tiempo de lectura\" \/>\n\t<meta name=\"twitter:data2\" content=\"3 minutos\" \/>\n<script type=\"application\/ld+json\" class=\"yoast-schema-graph\">{\"@context\":\"https:\/\/schema.org\",\"@graph\":[{\"@type\":\"Article\",\"@id\":\"https:\/\/esperancaenlinia.org\/neix-el-campus-esperanca-en-linia\/#article\",\"isPartOf\":{\"@id\":\"https:\/\/esperancaenlinia.org\/neix-el-campus-esperanca-en-linia\/\"},\"author\":{\"name\":\"3sp3rRnOv\",\"@id\":\"https:\/\/esperancaenlinia.org\/#\/schema\/person\/88b6c0ee2e71336b3732e1f321a0ea12\"},\"headline\":\"Neix el Campus Esperan\u00e7a en L\u00ednia\",\"datePublished\":\"2025-10-06T10:06:14+00:00\",\"dateModified\":\"2026-03-04T15:30:42+00:00\",\"mainEntityOfPage\":{\"@id\":\"https:\/\/esperancaenlinia.org\/neix-el-campus-esperanca-en-linia\/\"},\"wordCount\":580,\"publisher\":{\"@id\":\"https:\/\/esperancaenlinia.org\/#organization\"},\"image\":{\"@id\":\"https:\/\/esperancaenlinia.org\/neix-el-campus-esperanca-en-linia\/#primaryimage\"},\"thumbnailUrl\":\"https:\/\/esperancaenlinia.org\/wp-content\/uploads\/2025\/10\/ave-calvar-6uAssP0vuPs-unsplash.jpg\",\"keywords\":[\"campus\",\"ministerio de derechos sociales\",\"red de apoyo\",\"voluntariat\",\"xarxa de suport\"],\"articleSection\":[\"Benestar emocional\",\"Voluntariat\"],\"inLanguage\":\"es\"},{\"@type\":\"WebPage\",\"@id\":\"https:\/\/esperancaenlinia.org\/neix-el-campus-esperanca-en-linia\/\",\"url\":\"https:\/\/esperancaenlinia.org\/neix-el-campus-esperanca-en-linia\/\",\"name\":\"Neix el Campus Esperan\u00e7a en L\u00ednia - Fundaci\u00f3n Ajuda i Esperan\u00e7a\",\"isPartOf\":{\"@id\":\"https:\/\/esperancaenlinia.org\/#website\"},\"primaryImageOfPage\":{\"@id\":\"https:\/\/esperancaenlinia.org\/neix-el-campus-esperanca-en-linia\/#primaryimage\"},\"image\":{\"@id\":\"https:\/\/esperancaenlinia.org\/neix-el-campus-esperanca-en-linia\/#primaryimage\"},\"thumbnailUrl\":\"https:\/\/esperancaenlinia.org\/wp-content\/uploads\/2025\/10\/ave-calvar-6uAssP0vuPs-unsplash.jpg\",\"datePublished\":\"2025-10-06T10:06:14+00:00\",\"dateModified\":\"2026-03-04T15:30:42+00:00\",\"breadcrumb\":{\"@id\":\"https:\/\/esperancaenlinia.org\/neix-el-campus-esperanca-en-linia\/#breadcrumb\"},\"inLanguage\":\"es\",\"potentialAction\":[{\"@type\":\"ReadAction\",\"target\":[\"https:\/\/esperancaenlinia.org\/neix-el-campus-esperanca-en-linia\/\"]}]},{\"@type\":\"ImageObject\",\"inLanguage\":\"es\",\"@id\":\"https:\/\/esperancaenlinia.org\/neix-el-campus-esperanca-en-linia\/#primaryimage\",\"url\":\"https:\/\/esperancaenlinia.org\/wp-content\/uploads\/2025\/10\/ave-calvar-6uAssP0vuPs-unsplash.jpg\",\"contentUrl\":\"https:\/\/esperancaenlinia.org\/wp-content\/uploads\/2025\/10\/ave-calvar-6uAssP0vuPs-unsplash.jpg\",\"width\":1500,\"height\":595},{\"@type\":\"BreadcrumbList\",\"@id\":\"https:\/\/esperancaenlinia.org\/neix-el-campus-esperanca-en-linia\/#breadcrumb\",\"itemListElement\":[{\"@type\":\"ListItem\",\"position\":1,\"name\":\"Portada\",\"item\":\"https:\/\/esperancaenlinia.org\/\"},{\"@type\":\"ListItem\",\"position\":2,\"name\":\"Neix el Campus Esperan\u00e7a en L\u00ednia\"}]},{\"@type\":\"WebSite\",\"@id\":\"https:\/\/esperancaenlinia.org\/#website\",\"url\":\"https:\/\/esperancaenlinia.org\/\",\"name\":\"Fundaci\u00f3n Ajuda i Esperan\u00e7a\",\"description\":\"\",\"publisher\":{\"@id\":\"https:\/\/esperancaenlinia.org\/#organization\"},\"potentialAction\":[{\"@type\":\"SearchAction\",\"target\":{\"@type\":\"EntryPoint\",\"urlTemplate\":\"https:\/\/esperancaenlinia.org\/?s={search_term_string}\"},\"query-input\":{\"@type\":\"PropertyValueSpecification\",\"valueRequired\":true,\"valueName\":\"search_term_string\"}}],\"inLanguage\":\"es\"},{\"@type\":\"Organization\",\"@id\":\"https:\/\/esperancaenlinia.org\/#organization\",\"name\":\"Fundaci\u00f3n Ajuda i Esperan\u00e7a\",\"url\":\"https:\/\/esperancaenlinia.org\/\",\"logo\":{\"@type\":\"ImageObject\",\"inLanguage\":\"es\",\"@id\":\"https:\/\/esperancaenlinia.org\/#\/schema\/logo\/image\/\",\"url\":\"https:\/\/esperancaenlinia.org\/wp-content\/uploads\/2024\/04\/logo-1.png\",\"contentUrl\":\"https:\/\/esperancaenlinia.org\/wp-content\/uploads\/2024\/04\/logo-1.png\",\"width\":662,\"height\":200,\"caption\":\"Fundaci\u00f3n Ajuda i Esperan\u00e7a\"},\"image\":{\"@id\":\"https:\/\/esperancaenlinia.org\/#\/schema\/logo\/image\/\"}},{\"@type\":\"Person\",\"@id\":\"https:\/\/esperancaenlinia.org\/#\/schema\/person\/88b6c0ee2e71336b3732e1f321a0ea12\",\"name\":\"3sp3rRnOv\",\"image\":{\"@type\":\"ImageObject\",\"inLanguage\":\"es\",\"@id\":\"https:\/\/esperancaenlinia.org\/#\/schema\/person\/image\/\",\"url\":\"https:\/\/secure.gravatar.com\/avatar\/6e5f3e2b5862c8cfcc8ff366c3cc5c8842438ae09421b1d489929bcc32718bdf?s=96&d=mm&r=g\",\"contentUrl\":\"https:\/\/secure.gravatar.com\/avatar\/6e5f3e2b5862c8cfcc8ff366c3cc5c8842438ae09421b1d489929bcc32718bdf?s=96&d=mm&r=g\",\"caption\":\"3sp3rRnOv\"},\"url\":\"https:\/\/esperancaenlinia.org\/es\/author\/3sp3rrnov\/\"}]}<\/script>\n<!-- \/ Yoast SEO plugin. -->","yoast_head_json":{"title":"Neix el Campus Esperan\u00e7a en L\u00ednia - Fundaci\u00f3n Ajuda i Esperan\u00e7a","robots":{"index":"index","follow":"follow","max-snippet":"max-snippet:-1","max-image-preview":"max-image-preview:large","max-video-preview":"max-video-preview:-1"},"canonical":"https:\/\/esperancaenlinia.org\/es\/neix-el-campus-esperanca-en-linia\/","og_locale":"es_ES","og_type":"article","og_title":"Neix el Campus Esperan\u00e7a en L\u00ednia - Fundaci\u00f3n Ajuda i Esperan\u00e7a","og_description":"Aquest dijous, 9 d&#8217;octubre, en el marc de les activitats que es fan pel Dia Internacional per la Salut Mental, la nostra entitat posa en marxa el Campus Esperan\u00e7a en L\u00ednia,\u00a0una plataforma de formaci\u00f3 online\u00a0que posem a disposici\u00f3 no nom\u00e9s del nostre voluntariat sin\u00f3 de qualsevol persona que realitzi una acci\u00f3 volunt\u00e0ria en el marc&hellip;&nbsp;Neix el Campus Esperan\u00e7a en L\u00ednia","og_url":"https:\/\/esperancaenlinia.org\/es\/neix-el-campus-esperanca-en-linia\/","og_site_name":"Fundaci\u00f3n Ajuda i Esperan\u00e7a","article_published_time":"2025-10-06T10:06:14+00:00","article_modified_time":"2026-03-04T15:30:42+00:00","og_image":[{"width":1500,"height":595,"url":"https:\/\/esperancaenlinia.org\/wp-content\/uploads\/2025\/10\/ave-calvar-6uAssP0vuPs-unsplash.jpg","type":"image\/jpeg"}],"author":"3sp3rRnOv","twitter_card":"summary_large_image","twitter_misc":{"Escrito por":"3sp3rRnOv","Tiempo de lectura":"3 minutos"},"schema":{"@context":"https:\/\/schema.org","@graph":[{"@type":"Article","@id":"https:\/\/esperancaenlinia.org\/neix-el-campus-esperanca-en-linia\/#article","isPartOf":{"@id":"https:\/\/esperancaenlinia.org\/neix-el-campus-esperanca-en-linia\/"},"author":{"name":"3sp3rRnOv","@id":"https:\/\/esperancaenlinia.org\/#\/schema\/person\/88b6c0ee2e71336b3732e1f321a0ea12"},"headline":"Neix el Campus Esperan\u00e7a en L\u00ednia","datePublished":"2025-10-06T10:06:14+00:00","dateModified":"2026-03-04T15:30:42+00:00","mainEntityOfPage":{"@id":"https:\/\/esperancaenlinia.org\/neix-el-campus-esperanca-en-linia\/"},"wordCount":580,"publisher":{"@id":"https:\/\/esperancaenlinia.org\/#organization"},"image":{"@id":"https:\/\/esperancaenlinia.org\/neix-el-campus-esperanca-en-linia\/#primaryimage"},"thumbnailUrl":"https:\/\/esperancaenlinia.org\/wp-content\/uploads\/2025\/10\/ave-calvar-6uAssP0vuPs-unsplash.jpg","keywords":["campus","ministerio de derechos sociales","red de apoyo","voluntariat","xarxa de suport"],"articleSection":["Benestar emocional","Voluntariat"],"inLanguage":"es"},{"@type":"WebPage","@id":"https:\/\/esperancaenlinia.org\/neix-el-campus-esperanca-en-linia\/","url":"https:\/\/esperancaenlinia.org\/neix-el-campus-esperanca-en-linia\/","name":"Neix el Campus Esperan\u00e7a en L\u00ednia - Fundaci\u00f3n Ajuda i Esperan\u00e7a","isPartOf":{"@id":"https:\/\/esperancaenlinia.org\/#website"},"primaryImageOfPage":{"@id":"https:\/\/esperancaenlinia.org\/neix-el-campus-esperanca-en-linia\/#primaryimage"},"image":{"@id":"https:\/\/esperancaenlinia.org\/neix-el-campus-esperanca-en-linia\/#primaryimage"},"thumbnailUrl":"https:\/\/esperancaenlinia.org\/wp-content\/uploads\/2025\/10\/ave-calvar-6uAssP0vuPs-unsplash.jpg","datePublished":"2025-10-06T10:06:14+00:00","dateModified":"2026-03-04T15:30:42+00:00","breadcrumb":{"@id":"https:\/\/esperancaenlinia.org\/neix-el-campus-esperanca-en-linia\/#breadcrumb"},"inLanguage":"es","potentialAction":[{"@type":"ReadAction","target":["https:\/\/esperancaenlinia.org\/neix-el-campus-esperanca-en-linia\/"]}]},{"@type":"ImageObject","inLanguage":"es","@id":"https:\/\/esperancaenlinia.org\/neix-el-campus-esperanca-en-linia\/#primaryimage","url":"https:\/\/esperancaenlinia.org\/wp-content\/uploads\/2025\/10\/ave-calvar-6uAssP0vuPs-unsplash.jpg","contentUrl":"https:\/\/esperancaenlinia.org\/wp-content\/uploads\/2025\/10\/ave-calvar-6uAssP0vuPs-unsplash.jpg","width":1500,"height":595},{"@type":"BreadcrumbList","@id":"https:\/\/esperancaenlinia.org\/neix-el-campus-esperanca-en-linia\/#breadcrumb","itemListElement":[{"@type":"ListItem","position":1,"name":"Portada","item":"https:\/\/esperancaenlinia.org\/"},{"@type":"ListItem","position":2,"name":"Neix el Campus Esperan\u00e7a en L\u00ednia"}]},{"@type":"WebSite","@id":"https:\/\/esperancaenlinia.org\/#website","url":"https:\/\/esperancaenlinia.org\/","name":"Fundaci\u00f3n Ayuda y Esperanza","description":"","publisher":{"@id":"https:\/\/esperancaenlinia.org\/#organization"},"potentialAction":[{"@type":"SearchAction","target":{"@type":"EntryPoint","urlTemplate":"https:\/\/esperancaenlinia.org\/?s={search_term_string}"},"query-input":{"@type":"PropertyValueSpecification","valueRequired":true,"valueName":"search_term_string"}}],"inLanguage":"es"},{"@type":"Organization","@id":"https:\/\/esperancaenlinia.org\/#organization","name":"Fundaci\u00f3n Ayuda y Esperanza","url":"https:\/\/esperancaenlinia.org\/","logo":{"@type":"ImageObject","inLanguage":"es","@id":"https:\/\/esperancaenlinia.org\/#\/schema\/logo\/image\/","url":"https:\/\/esperancaenlinia.org\/wp-content\/uploads\/2024\/04\/logo-1.png","contentUrl":"https:\/\/esperancaenlinia.org\/wp-content\/uploads\/2024\/04\/logo-1.png","width":662,"height":200,"caption":"Fundaci\u00f3n Ajuda i Esperan\u00e7a"},"image":{"@id":"https:\/\/esperancaenlinia.org\/#\/schema\/logo\/image\/"}},{"@type":"Person","@id":"https:\/\/esperancaenlinia.org\/#\/schema\/person\/88b6c0ee2e71336b3732e1f321a0ea12","name":"3sp3rRnOv","image":{"@type":"ImageObject","inLanguage":"es","@id":"https:\/\/esperancaenlinia.org\/#\/schema\/person\/image\/","url":"https:\/\/secure.gravatar.com\/avatar\/6e5f3e2b5862c8cfcc8ff366c3cc5c8842438ae09421b1d489929bcc32718bdf?s=96&d=mm&r=g","contentUrl":"https:\/\/secure.gravatar.com\/avatar\/6e5f3e2b5862c8cfcc8ff366c3cc5c8842438ae09421b1d489929bcc32718bdf?s=96&d=mm&r=g","caption":"3sp3rRnOv"},"url":"https:\/\/esperancaenlinia.org\/es\/author\/3sp3rrnov\/"}]}},"_links":{"self":[{"href":"https:\/\/esperancaenlinia.org\/es\/wp-json\/wp\/v2\/posts\/5044","targetHints":{"allow":["GET"]}}],"collection":[{"href":"https:\/\/esperancaenlinia.org\/es\/wp-json\/wp\/v2\/posts"}],"about":[{"href":"https:\/\/esperancaenlinia.org\/es\/wp-json\/wp\/v2\/types\/post"}],"author":[{"embeddable":true,"href":"https:\/\/esperancaenlinia.org\/es\/wp-json\/wp\/v2\/users\/3"}],"replies":[{"embeddable":true,"href":"https:\/\/esperancaenlinia.org\/es\/wp-json\/wp\/v2\/comments?post=5044"}],"version-history":[{"count":6,"href":"https:\/\/esperancaenlinia.org\/es\/wp-json\/wp\/v2\/posts\/5044\/revisions"}],"predecessor-version":[{"id":5055,"href":"https:\/\/esperancaenlinia.org\/es\/wp-json\/wp\/v2\/posts\/5044\/revisions\/5055"}],"wp:featuredmedia":[{"embeddable":true,"href":"https:\/\/esperancaenlinia.org\/es\/wp-json\/wp\/v2\/media\/5049"}],"wp:attachment":[{"href":"https:\/\/esperancaenlinia.org\/es\/wp-json\/wp\/v2\/media?parent=5044"}],"wp:term":[{"taxonomy":"category","embeddable":true,"href":"https:\/\/esperancaenlinia.org\/es\/wp-json\/wp\/v2\/categories?post=5044"},{"taxonomy":"post_tag","embeddable":true,"href":"https:\/\/esperancaenlinia.org\/es\/wp-json\/wp\/v2\/tags?post=5044"}],"curies":[{"name":"wp","href":"https:\/\/api.w.org\/{rel}","templated":true}]}}